{"id":55430,"date":"2025-04-02T20:12:00","date_gmt":"2025-04-02T23:12:00","guid":{"rendered":"https:\/\/www.radiopresidenteibanez.cl\/web\/?p=55430"},"modified":"2025-04-02T15:22:32","modified_gmt":"2025-04-02T18:22:32","slug":"tabsa-apoya-a-estudiantes-de-timaukel","status":"publish","type":"post","link":"https:\/\/www.radiopresidenteibanez.cl\/web\/tabsa-apoya-a-estudiantes-de-timaukel\/","title":{"rendered":"TABSA apoya a estudiantes de Timaukel"},"content":{"rendered":"\n<p>La apartada comuna rural de Timaukel, ubicada en Tierra del Fuego, recibi\u00f3 una buena noticia luego que el Alcalde de la comuna, Luis Barr\u00eda, concretara un acuerdo con TABSA a trav\u00e9s del cual diez estudiantes de dicha localidad ser\u00e1n beneficiados con pases liberados mensuales entre Porvenir y Punta Arenas.<\/p>\n\n\n\n<p>Los estudiantes beneficiados corresponden a alumnos de las escuelas Pampa Guanaco e Ignacio Carrera Pinto quienes, \u201ccuando viajan a Punta Arenas es muy dif\u00edcil, la situaci\u00f3n econ\u00f3mica no es la mejor as\u00ed es que, es un gran avance para la comuna y quiero brindar un sentido agradecimiento a TABSA por cooperarnos con esto\u201d, se\u00f1al\u00f3 al Alcalde de Timaukel, Luis Barr\u00eda.<\/p>\n\n\n\n<p>Crist\u00f3bal Kulczewski, Gerente General de TABSA, en tanto, explic\u00f3 que este acuerdo viene a reafirmar el compromiso de la empresa con los habitantes de Tierral de Fuego. \u201cReci\u00e9n ayer renovamos un convenio con la Municipalidad de Porvenir que beneficia a adultos mayores y estudiantes y, ahora, queremos tambi\u00e9n brindar nuestro apoyo a las esforzadas familias que hacen sus vidas en Timaukel\u201d, resalt\u00f3 el ejecutivo.<\/p>\n","protected":false},"excerpt":{"rendered":"<p>La apartada comuna rural de Timaukel, ubicada en Tierra del Fuego, recibi\u00f3 una buena noticia luego que el Alcalde de la comuna, Luis Barr\u00eda, concretara un acuerdo con TABSA a&#8230; <a class=\"read-more\" href=\"https:\/\/www.radiopresidenteibanez.cl\/web\/tabsa-apoya-a-estudiantes-de-timaukel\/\">Leer m\u00e1s<\/a><\/p>\n","protected":false},"author":2,"featured_media":55431,"comment_status":"closed","ping_status":"closed","sticky":false,"template":"","format":"standard","meta":{"footnotes":""},"categories":[1],"tags":[],"class_list":["post-55430","post","type-post","status-publish","format-standard","has-post-thumbnail","hentry","category-cronica"],"_links":{"self":[{"href":"https:\/\/www.radiopresidenteibanez.cl\/web\/wp-json\/wp\/v2\/posts\/55430","targetHints":{"allow":["GET"]}}],"collection":[{"href":"https:\/\/www.radiopresidenteibanez.cl\/web\/wp-json\/wp\/v2\/posts"}],"about":[{"href":"https:\/\/www.radiopresidenteibanez.cl\/web\/wp-json\/wp\/v2\/types\/post"}],"author":[{"embeddable":true,"href":"https:\/\/www.radiopresidenteibanez.cl\/web\/wp-json\/wp\/v2\/users\/2"}],"replies":[{"embeddable":true,"href":"https:\/\/www.radiopresidenteibanez.cl\/web\/wp-json\/wp\/v2\/comments?post=55430"}],"version-history":[{"count":0,"href":"https:\/\/www.radiopresidenteibanez.cl\/web\/wp-json\/wp\/v2\/posts\/55430\/revisions"}],"wp:featuredmedia":[{"embeddable":true,"href":"https:\/\/www.radiopresidenteibanez.cl\/web\/wp-json\/wp\/v2\/media\/55431"}],"wp:attachment":[{"href":"https:\/\/www.radiopresidenteibanez.cl\/web\/wp-json\/wp\/v2\/media?parent=55430"}],"wp:term":[{"taxonomy":"category","embeddable":true,"href":"https:\/\/www.radiopresidenteibanez.cl\/web\/wp-json\/wp\/v2\/categories?post=55430"},{"taxonomy":"post_tag","embeddable":true,"href":"https:\/\/www.radiopresidenteibanez.cl\/web\/wp-json\/wp\/v2\/tags?post=55430"}],"curies":[{"name":"wp","href":"https:\/\/api.w.org\/{rel}","templated":true}]}}