{"id":55427,"date":"2025-04-02T18:47:00","date_gmt":"2025-04-02T21:47:00","guid":{"rendered":"https:\/\/www.radiopresidenteibanez.cl\/web\/?p=55427"},"modified":"2025-04-02T15:03:41","modified_gmt":"2025-04-02T18:03:41","slug":"isl-magallanes-destaca-la-importancia-del-seguro-escolar","status":"publish","type":"post","link":"https:\/\/www.radiopresidenteibanez.cl\/web\/isl-magallanes-destaca-la-importancia-del-seguro-escolar\/","title":{"rendered":"ISL Magallanes destaca la importancia del Seguro Escolar"},"content":{"rendered":"\n<p>Como parte de una campa\u00f1a informativa que se realiza todos los a\u00f1os al inicio del per\u00edodo escolar, el Instituto de Seguridad Laboral (ISL) de Magallanes y su equipo han iniciado la difusi\u00f3n del Seguro Escolar, importante prestaci\u00f3n que forma parte de la Ley 16.744 desde el a\u00f1o 1972.<br>Desde entonces, este seguro otorga cobertura a todas y todos los estudiantes -de todos los niveles educacionales- matriculados en los establecimientos reconocidos por el Estado, ya sean<br>municipales, fiscales, subvencionados o particulares, tienen derecho a la cobertura en caso de<br>accidentes escolares, desde la ense\u00f1anza prescolar hasta la pr\u00e1ctica profesional de educaci\u00f3n<br>superior.<br>La Seremi del Trabajo y Previsi\u00f3n Social, Doris Sandoval Miranda, expuso que \u201ctal y como lo indica<br>nuestro Instituto de Seguridad Laboral (ISL) es muy relevante hacer hincapi\u00e9 a las comunidades<br>escolares sobre la existencia de este seguro y su amplia cobertura que, entre otras cosas,<br>considera atenci\u00f3n m\u00e9dica gratuita, procedimientos quir\u00fargicos y dentales, medicamentos,<br>pr\u00f3tesis; y tambi\u00e9n hospitalizaciones, en caso de ser necesario, por lo que es muy importante que<br>lo conozcan y se informen de ello\u201d.<br>Por su parte, el director regional del ISL Magallanes, Marcelo Trivi\u00f1o, explic\u00f3 que \u201ceste seguro<br>cubre toda lesi\u00f3n que sufra un o una estudiante, a causa o con ocasi\u00f3n de los estudios o pr\u00e1ctica<br>educacional, la cual produzca incapacidad o muerte. Los accidentes cubiertos son aquellos<br>ocurridos dentro de un establecimiento educacional o en los trayectos de las y los alumnos desde<br>o hacia el mismo\u201d.<br>\u00bfQu\u00e9 incluye esta cobertura?<br>Para accidentes a causa o con ocasi\u00f3n de los estudios, el seguro considera: servicio m\u00e9dico<br>gratuito; atenci\u00f3n m\u00e9dica, quir\u00fargica y dental en establecimientos del Sistema Nacional del<br>Servicio de Salud y a domicilio; hospitalizaciones, en los casos que fuera necesario; medicamentos<br>y productos farmac\u00e9uticos; pr\u00f3tesis y aparatos ortop\u00e9dicos, incluidas las reparaciones; y gastos de<br>traslado y cualquier otro necesario para poder recibir estas prestaciones.<br>La ley dispone que el seguro cubre a las y los alumnos de establecimientos fiscales, municipales,<br>particulares subvencionados y particulares no subvencionados reconocidos por el Estado, desde el<br>nivel de p\u00e1rvulo hasta estudiantes de b\u00e1sica, media, t\u00e9cnico agr\u00edcola, comercial, industrial,<br>universitaria e institutos profesionales.<\/p>\n\n\n\n<p>Respecto de c\u00f3mo se denuncia el accidente y c\u00f3mo se acredita para hacer efectivo el seguro<br>cuando se produjo en un trayecto, se puede utilizar el parte de Carabineros, una declaraci\u00f3n de<br>testigos presenciales o cualquier otro medio de prueba igualmente v\u00e1lido y acudir a cualquier<br>establecimiento de la Red de Salud P\u00fablica para que le entreguen la atenci\u00f3n m\u00e9dica que necesite.<br>Por \u00faltimo, cabe destacar que toda la informaci\u00f3n asociada a este derecho y sus respectivos<br>beneficios se encuentra en el sitio del Seguro Escolar de ISL: https:\/\/www.isl.gob.cl\/seguro-<br>escolar\/ donde aparecen todas las prestaciones, tr\u00e1mites y preguntas frecuentes asociadas al<br>seguro.<\/p>\n","protected":false},"excerpt":{"rendered":"<p>Como parte de una campa\u00f1a informativa que se realiza todos los a\u00f1os al inicio del per\u00edodo escolar, el Instituto de Seguridad Laboral (ISL) de Magallanes y su equipo han iniciado&#8230; <a class=\"read-more\" href=\"https:\/\/www.radiopresidenteibanez.cl\/web\/isl-magallanes-destaca-la-importancia-del-seguro-escolar\/\">Leer m\u00e1s<\/a><\/p>\n","protected":false},"author":2,"featured_media":55428,"comment_status":"closed","ping_status":"closed","sticky":false,"template":"","format":"standard","meta":{"footnotes":""},"categories":[1],"tags":[],"class_list":["post-55427","post","type-post","status-publish","format-standard","has-post-thumbnail","hentry","category-cronica"],"_links":{"self":[{"href":"https:\/\/www.radiopresidenteibanez.cl\/web\/wp-json\/wp\/v2\/posts\/55427","targetHints":{"allow":["GET"]}}],"collection":[{"href":"https:\/\/www.radiopresidenteibanez.cl\/web\/wp-json\/wp\/v2\/posts"}],"about":[{"href":"https:\/\/www.radiopresidenteibanez.cl\/web\/wp-json\/wp\/v2\/types\/post"}],"author":[{"embeddable":true,"href":"https:\/\/www.radiopresidenteibanez.cl\/web\/wp-json\/wp\/v2\/users\/2"}],"replies":[{"embeddable":true,"href":"https:\/\/www.radiopresidenteibanez.cl\/web\/wp-json\/wp\/v2\/comments?post=55427"}],"version-history":[{"count":0,"href":"https:\/\/www.radiopresidenteibanez.cl\/web\/wp-json\/wp\/v2\/posts\/55427\/revisions"}],"wp:featuredmedia":[{"embeddable":true,"href":"https:\/\/www.radiopresidenteibanez.cl\/web\/wp-json\/wp\/v2\/media\/55428"}],"wp:attachment":[{"href":"https:\/\/www.radiopresidenteibanez.cl\/web\/wp-json\/wp\/v2\/media?parent=55427"}],"wp:term":[{"taxonomy":"category","embeddable":true,"href":"https:\/\/www.radiopresidenteibanez.cl\/web\/wp-json\/wp\/v2\/categories?post=55427"},{"taxonomy":"post_tag","embeddable":true,"href":"https:\/\/www.radiopresidenteibanez.cl\/web\/wp-json\/wp\/v2\/tags?post=55427"}],"curies":[{"name":"wp","href":"https:\/\/api.w.org\/{rel}","templated":true}]}}