{"id":55424,"date":"2025-04-02T17:49:00","date_gmt":"2025-04-02T20:49:00","guid":{"rendered":"https:\/\/www.radiopresidenteibanez.cl\/web\/?p=55424"},"modified":"2025-04-02T14:52:12","modified_gmt":"2025-04-02T17:52:12","slug":"abiertas-se-encuentran-las-inscripciones-para-elprograma-de-indagacion-para-primeras-edades-del-proyecto-explora-magallanes","status":"publish","type":"post","link":"https:\/\/www.radiopresidenteibanez.cl\/web\/abiertas-se-encuentran-las-inscripciones-para-elprograma-de-indagacion-para-primeras-edades-del-proyecto-explora-magallanes\/","title":{"rendered":"Abiertas se encuentran las inscripciones para elPrograma de Indagaci\u00f3n para Primeras Edades del Proyecto Explora Magallanes"},"content":{"rendered":"\n<p>Abiertas se encuentran las inscripciones para que las y los educadoras<br>y t\u00e9cnicos en educaci\u00f3n parvularia, sean parte del Programa de<br>Indagaci\u00f3n de Primeras Edades (PIPE) y, financiado por el programa<br>Explora del Ministerio de Ciencia, Tecnolog\u00eda, Conocimiento e<br>Innovaci\u00f3n y ejecutado por la Universidad de Magallanes.<br>PIPE tiene como objetivo fortalecer las competencias cient\u00edficas de los<br>equipos pedag\u00f3gicos desde las primeras edades y aportar al<br>desarrollo de las competencias necesarias para que ni\u00f1as y ni\u00f1os<br>conozcan y comprendan su entorno.<br>Al respecto, la directora ejecutiva del PAR Explora Magallanes,<br>Claudia Salinas Breskovic, dijo que \u201cinvito a quienes trabajan con<br>ni\u00f1as y ni\u00f1os desde sala cuna y hasta Transici\u00f3n de educaci\u00f3n<br>parvularia- ya sea en establecimiento educacional o jardines infantiles-<br>a que participen de PIPE-para que sean parte de esta instancia que<br>les permitir\u00e1 adquirir nuevas herramientas y conocimientos e<br>implementarlas en el aula con ni\u00f1os y ni\u00f1as\u201d.<br>Para ser parte de ambas instancias, deben inscribirse hasta el 14 de<br>abril , a trav\u00e9s de la p\u00e1gina web y completar el formulario:<br>https:\/\/explora.cl\/magallanes\/postulacion-pipe-2025-2026\/o<br>contactarse para mayor informaci\u00f3n:<br>comunicaciones.explora@umag.cl.<\/p>\n","protected":false},"excerpt":{"rendered":"<p>Abiertas se encuentran las inscripciones para que las y los educadorasy t\u00e9cnicos en educaci\u00f3n parvularia, sean parte del Programa deIndagaci\u00f3n de Primeras Edades (PIPE) y, financiado por el programaExplora del&#8230; <a class=\"read-more\" href=\"https:\/\/www.radiopresidenteibanez.cl\/web\/abiertas-se-encuentran-las-inscripciones-para-elprograma-de-indagacion-para-primeras-edades-del-proyecto-explora-magallanes\/\">Leer m\u00e1s<\/a><\/p>\n","protected":false},"author":2,"featured_media":55425,"comment_status":"closed","ping_status":"closed","sticky":false,"template":"","format":"standard","meta":{"footnotes":""},"categories":[1],"tags":[],"class_list":["post-55424","post","type-post","status-publish","format-standard","has-post-thumbnail","hentry","category-cronica"],"_links":{"self":[{"href":"https:\/\/www.radiopresidenteibanez.cl\/web\/wp-json\/wp\/v2\/posts\/55424","targetHints":{"allow":["GET"]}}],"collection":[{"href":"https:\/\/www.radiopresidenteibanez.cl\/web\/wp-json\/wp\/v2\/posts"}],"about":[{"href":"https:\/\/www.radiopresidenteibanez.cl\/web\/wp-json\/wp\/v2\/types\/post"}],"author":[{"embeddable":true,"href":"https:\/\/www.radiopresidenteibanez.cl\/web\/wp-json\/wp\/v2\/users\/2"}],"replies":[{"embeddable":true,"href":"https:\/\/www.radiopresidenteibanez.cl\/web\/wp-json\/wp\/v2\/comments?post=55424"}],"version-history":[{"count":0,"href":"https:\/\/www.radiopresidenteibanez.cl\/web\/wp-json\/wp\/v2\/posts\/55424\/revisions"}],"wp:featuredmedia":[{"embeddable":true,"href":"https:\/\/www.radiopresidenteibanez.cl\/web\/wp-json\/wp\/v2\/media\/55425"}],"wp:attachment":[{"href":"https:\/\/www.radiopresidenteibanez.cl\/web\/wp-json\/wp\/v2\/media?parent=55424"}],"wp:term":[{"taxonomy":"category","embeddable":true,"href":"https:\/\/www.radiopresidenteibanez.cl\/web\/wp-json\/wp\/v2\/categories?post=55424"},{"taxonomy":"post_tag","embeddable":true,"href":"https:\/\/www.radiopresidenteibanez.cl\/web\/wp-json\/wp\/v2\/tags?post=55424"}],"curies":[{"name":"wp","href":"https:\/\/api.w.org\/{rel}","templated":true}]}}