{"id":55421,"date":"2025-04-02T16:26:00","date_gmt":"2025-04-02T19:26:00","guid":{"rendered":"https:\/\/www.radiopresidenteibanez.cl\/web\/?p=55421"},"modified":"2025-04-02T14:48:51","modified_gmt":"2025-04-02T17:48:51","slug":"funcion-de-recreacuentos-para-estudiantes-en-la-celebracion-del-dia-del-libro-infantil-y-juvenil","status":"publish","type":"post","link":"https:\/\/www.radiopresidenteibanez.cl\/web\/funcion-de-recreacuentos-para-estudiantes-en-la-celebracion-del-dia-del-libro-infantil-y-juvenil\/","title":{"rendered":"Funci\u00f3n de recreacuentos para estudiantes en la celebraci\u00f3n del D\u00eda del libro Infantil y Juvenil"},"content":{"rendered":"\n<p>La agrupaci\u00f3n de personas mayores Plumas Literarias, uno de los Puntos de<br>Cultura Comunitaria de la regi\u00f3n en Magallanes, realiz\u00f3 la ma\u00f1ana de este<br>martes una funci\u00f3n de cuentacuentos para estudiantes del colegio Franc\u00e9s sede<br>Petit, de Punta Arenas, enmarcada en la celebraci\u00f3n del D\u00eda del libro Infantil y<br>Juvenil.<br>&nbsp;<br>La actividad, impulsada por la Seremi de las Culturas, las Artes y el Patrimonio,<br>fue el inicio de un ciclo de iniciativas que conforman el programa del Mes del<br>Libro y la Lectura en Magallanes.<br>\u201cEsta actividad se da en el marco del inicio del mes de abril, Mes del Libro. Como<br>gobierno este a\u00f1o, al cumplirse 80 a\u00f1os de la entrega del Premio Nobel a<br>Gabriela Mistral, lo enmarcamos tambi\u00e9n en su figura y en c\u00f3mo ir acercando<br>desde la m\u00e1s temprana edad y fomentando el desarrollo de la lectura\u201d, sostuvo<br>el Delegado Presidencial Regional, Jos\u00e9 Ru\u00edz Pivcevic, quien encabez\u00f3 la puesta<br>en escena, junto a la Seremi de las Culturas, Carolina Herrera Toro.<br>\u201cComo Ministerio de las Culturas, las Artes y el Patrimonio celebramos todo el<br>mes de abril con distintas actividades. Este es el primer hito y que se da en el<br>Colegio Franc\u00e9s. Estamos tambi\u00e9n trabajando con los Puntos de Cultura<br>Comunitaria, que son organizaciones reconocidas por este Ministerio y que nos<br>ayudan tambi\u00e9n en ciertas labores, como fue en este caso Plumas Literarias, que<br>ha venido a mostrar un cuentacuentos a ni\u00f1as y ni\u00f1os\u201d, destac\u00f3 la Seremi de las<br>Culturas.<\/p>\n\n\n\n<p>La intervenci\u00f3n estuvo dirigida a ni\u00f1as y ni\u00f1os de k\u00ednder y segundo b\u00e1sico,<br>quienes escucharon e interactuaron en torno al texto \u201c\u00bfA qu\u00e9 sabe la luna?\u201d, de<br>Michael Grejniec, tras el prop\u00f3sito de encantarlos con el mundo literario.<br>\u201cNuestro fin es buscar los medios para que eso se pueda lograr mediante el<br>cuento, que es lo que a todos siempre nos ha gustado escuchar. Interactuar con<br>la persona que lo narra y poder hacer actividades despu\u00e9s de ello, para ver si hay<br>comprensi\u00f3n de lo que escucharon\u201d, explic\u00f3 la directora de la Agrupaci\u00f3n Plumas<br>Literarias, Mariana Ampuero Zamora.<br>El D\u00eda del libro Infantil y Juvenil conmemora el nacimiento de Hans Christian<br>Andersen (2 de abril de 1805, en la ciudad de Odense, Dinamarca), uno de los<br>escritores para ni\u00f1os y j\u00f3venes m\u00e1s famosos a nivel universal. Entre sus obras<br>m\u00e1s c\u00e9lebres se encuentran&nbsp;\u201cEl patito feo\u201d,&nbsp;\u201cEl traje nuevo del emperador\u201d,&nbsp;\u201cLa<br>reina de las nieves\u201d,&nbsp;\u201cLas zapatillas rojas\u201d,&nbsp;\u201cEl soldadito de plomo\u201d,&nbsp;\u201cEl<br>ruise\u00f1or\u201d,&nbsp;\u201cLa sirenita\u201d,&nbsp;\u201cEl ave F\u00e9nix\u201d,&nbsp;\u201cLa sombra\u201d,&nbsp;\u201cLa princesa y el<br>guisante\u201d,&nbsp;entre otras.<br>MES DEL LIBRO<br>Este 2025, el Mes del Libro adquiere un car\u00e1cter especialmente simb\u00f3lico y<br>emotivo. Se conmemoran los 80 a\u00f1os desde que Gabriela Mistral recibi\u00f3 el<br>Premio Nobel de Literatura, transform\u00e1ndose en la primera persona<br>latinoamericana, y hasta ahora la \u00fanica mujer de la regi\u00f3n, en recibir este<br>galard\u00f3n. A partir de este a\u00f1o, y por medio de la promulgaci\u00f3n de la Ley N.\u00ba<br>21.672, cada 7 de abril se celebrar\u00e1 el D\u00eda Nacional de Gabriela Mistral, fecha<br>que marca su natalicio y da inicio oficial a esta gran fiesta ciudadana que<br>recorrer\u00e1 el pa\u00eds de norte a sur. En este marco, el Ministerio de las Culturas, las<br>Artes y el Patrimonio ha propuesto la pregunta \u00bfQu\u00e9 ser\u00e1 de Chile en el cielo?,<br>extra\u00edda de uno de los borradores del Poema de Chile, como hilo conductor de<br>esta conmemoraci\u00f3n.&nbsp; &nbsp;<br>&nbsp;<br>El pr\u00f3ximo 7 de abril, a las 12.00 horas, se llevar\u00e1 a cabo una lectura simult\u00e1nea<br>en todo el pa\u00eds. La convocatoria est\u00e1 dirigida a servicios p\u00fablicos, centros<br>educativos, espacios culturales y ciudadan\u00eda en general. Cada entidad podr\u00e1<br>organizar su momento de lectura, ya sea de forma grupal o en su defecto,<br>individual. El texto mistraliano a leer ser\u00e1 de libre elecci\u00f3n. Ese mismo d\u00eda en la<br>comuna de Laguna Blanca se celebrar\u00e1 el D\u00eda de la Poes\u00eda y la Educaci\u00f3n Rural.<br>El acto se efectuar\u00e1 en la escuela Diego Portales y contar\u00e1 con la participaci\u00f3n<br>de autoridades regionales.<br>&nbsp;<\/p>\n\n\n\n<p>En el contexto de celebraci\u00f3n del Mes del Libro, el 11 de abril, la escritora<br>nacional y actual Premio Nacional de Literatura, Elvira Hern\u00e1ndez, visitar\u00e1 la<br>comuna de Cabo de Hornos. All\u00ed liderar\u00e1 un di\u00e1logo sobre su experiencia y<br>trayectoria literaria, a partir de las 11.30 horas, con estudiantes del Liceo Donald<br>Mc Intyre Griffiths de Puerto Williams.<br>&nbsp;<br>La segunda poetisa en recibir el Premio Nacional de Literatura, despu\u00e9s de<br>Mistral (1951), a las 17.00 horas de ese mismo d\u00eda, impartir\u00e1 en el Museo<br>Territorial Yag\u00e1n Usi, un taller orientado a escritores locales, estudiantes y<br>mediadores de lectura. Compartir\u00e1 herramientas y procesos de escritura creativa<br>desde su experiencia.<br>&nbsp;<br>El 12 de abril, Elvira Hern\u00e1ndez, sostendr\u00e1 un encuentro abierto a la comunidad<br>de Puerto Williams, para compartir aspectos de su obra, trayectoria y reflexiones<br>en torno a la escritura y su v\u00ednculo con el territorio, el pa\u00eds y la memoria. Se<br>llevar\u00e1 a cabo en el Museo Territorial Yag\u00e1n Usi.<br>&nbsp;<br>La premio Nacional de Literatura 2024 tambi\u00e9n ofrecer\u00e1 una charla en Punta<br>Arenas. Ser\u00e1 el 14 de abril, a las 18.30 horas, en el auditorio Ernesto Livacic de<br>la Universidad de Magallanes. Estar\u00e1 dirigida a estudiantes, comunidad lectora y<br>ciudadan\u00eda general.<br>&nbsp;<br>El 23 de abril, el D\u00eda Internacional del Libro y la Lectura, en Laguna Blanca, se<br>desarrollar\u00e1 una jornada de actividades familiares. Incluye una b\u00fasqueda del<br>tesoro literario, actividades l\u00fadicas para ni\u00f1os y ni\u00f1as, y entrega de medallas<br>\u201cAqu\u00ed se lee\u201d a estudiantes del colegio. Es organizada de manera conjunta por<br>servicios p\u00fablicos, el municipio, la escuela Diego Portales y organizaciones<br>locales.<br>&nbsp;<br>Tambi\u00e9n en el marco del Mes del Libro, el 28 de abril, a las 8.30 horas, en el<br>Colegio Charles Darwin, Punta Arenas, se dar\u00e1 inicio al ciclo del programa<br>Di\u00e1logos en Movimiento 2025 en la regi\u00f3n de Magallanes. Estudiantes de ese<br>establecimiento conversar\u00e1n con el escritor regional Christian Formoso, en torno<br>a su obra \u201cEl Milagro Chileno\u201d.<\/p>\n","protected":false},"excerpt":{"rendered":"<p>La agrupaci\u00f3n de personas mayores Plumas Literarias, uno de los Puntos deCultura Comunitaria de la regi\u00f3n en Magallanes, realiz\u00f3 la ma\u00f1ana de estemartes una funci\u00f3n de cuentacuentos para estudiantes del&#8230; <a class=\"read-more\" href=\"https:\/\/www.radiopresidenteibanez.cl\/web\/funcion-de-recreacuentos-para-estudiantes-en-la-celebracion-del-dia-del-libro-infantil-y-juvenil\/\">Leer m\u00e1s<\/a><\/p>\n","protected":false},"author":2,"featured_media":55422,"comment_status":"closed","ping_status":"closed","sticky":false,"template":"","format":"standard","meta":{"footnotes":""},"categories":[1],"tags":[],"class_list":["post-55421","post","type-post","status-publish","format-standard","has-post-thumbnail","hentry","category-cronica"],"_links":{"self":[{"href":"https:\/\/www.radiopresidenteibanez.cl\/web\/wp-json\/wp\/v2\/posts\/55421","targetHints":{"allow":["GET"]}}],"collection":[{"href":"https:\/\/www.radiopresidenteibanez.cl\/web\/wp-json\/wp\/v2\/posts"}],"about":[{"href":"https:\/\/www.radiopresidenteibanez.cl\/web\/wp-json\/wp\/v2\/types\/post"}],"author":[{"embeddable":true,"href":"https:\/\/www.radiopresidenteibanez.cl\/web\/wp-json\/wp\/v2\/users\/2"}],"replies":[{"embeddable":true,"href":"https:\/\/www.radiopresidenteibanez.cl\/web\/wp-json\/wp\/v2\/comments?post=55421"}],"version-history":[{"count":0,"href":"https:\/\/www.radiopresidenteibanez.cl\/web\/wp-json\/wp\/v2\/posts\/55421\/revisions"}],"wp:featuredmedia":[{"embeddable":true,"href":"https:\/\/www.radiopresidenteibanez.cl\/web\/wp-json\/wp\/v2\/media\/55422"}],"wp:attachment":[{"href":"https:\/\/www.radiopresidenteibanez.cl\/web\/wp-json\/wp\/v2\/media?parent=55421"}],"wp:term":[{"taxonomy":"category","embeddable":true,"href":"https:\/\/www.radiopresidenteibanez.cl\/web\/wp-json\/wp\/v2\/categories?post=55421"},{"taxonomy":"post_tag","embeddable":true,"href":"https:\/\/www.radiopresidenteibanez.cl\/web\/wp-json\/wp\/v2\/tags?post=55421"}],"curies":[{"name":"wp","href":"https:\/\/api.w.org\/{rel}","templated":true}]}}