{"id":5542,"date":"2019-07-03T19:51:18","date_gmt":"2019-07-03T19:51:18","guid":{"rendered":"http:\/\/www.radiopresidenteibanez.cl\/web\/?p=5542"},"modified":"2019-07-03T19:51:42","modified_gmt":"2019-07-03T19:51:42","slug":"cpc-magallanes-enganosamente-se-pretende-responsabilizar-al-sector-privado-por-la-perdida-de-empleos","status":"publish","type":"post","link":"https:\/\/www.radiopresidenteibanez.cl\/web\/cpc-magallanes-enganosamente-se-pretende-responsabilizar-al-sector-privado-por-la-perdida-de-empleos\/","title":{"rendered":"CPC MAGALLANES: \u201cENGA\u00d1OSAMENTE SE PRETENDE RESPONSABILIZAR AL SECTOR PRIVADO POR LA P\u00c9RDIDA DE EMPLEOS\u201d"},"content":{"rendered":"\n<p>Frente a la reciente desvinculaci\u00f3n de m\u00e1s de 230 trabajadores de Mina Invierno y a las cr\u00edticas que ha recibido el proyecto carbon\u00edfero, CPC Magallanes sali\u00f3 a respaldar la gesti\u00f3n del sector privado en la regi\u00f3n recordando que a pesar de las dificultades que comprenden las distancias y el clima, los empresarios han invertido e innovado constituy\u00e9ndose en el motor del dinamismo regional.<\/p>\n\n\n\n<p>\u201cAqu\u00ed ha existido una desidia de Gobiernos, Intendentes, Parlamentarios, Alcaldes e Instituciones del Estado, las cuales no han funcionado, y no han estado alineadas con el desarrollo de Magallanes y la generaci\u00f3n de empleo. Hoy quieren culpar a los proyectos de que no funcionan y responsabilizar al sector privado por las dram\u00e1ticas p\u00e9rdidas de puestos de trabajo y eso no corresponde a la realidad\u201d, expres\u00f3 Alejandro Kusanovic, Presidente de CPC Magallanes.<\/p>\n\n\n\n<p>El dirigente se\u00f1al\u00f3 que \u201cnos debemos preguntar \u00bfQu\u00e9 hemos realizado o hecho nosotros, como magall\u00e1nicos para que las cosas funcionen? \u00bfQue hemos hecho por el Trabajo y el Desarrollo?\u201d<\/p>\n\n\n\n<p>Llam\u00f3 finalmente a estar alertar porque \u201cenga\u00f1osamente se pretende responsabilizar al sector privado por la p\u00e9rdidas de empleos.\u201d<\/p>\n\n\n\n<figure class=\"wp-block-image\"><img loading=\"lazy\" decoding=\"async\" width=\"768\" height=\"513\" src=\"https:\/\/www.radiopresidenteibanez.cl\/web\/wp-content\/uploads\/2019\/07\/DSC09758.jpg\" alt=\"\" class=\"wp-image-5543\" srcset=\"https:\/\/www.radiopresidenteibanez.cl\/web\/wp-content\/uploads\/2019\/07\/DSC09758.jpg 768w, https:\/\/www.radiopresidenteibanez.cl\/web\/wp-content\/uploads\/2019\/07\/DSC09758-300x200.jpg 300w\" sizes=\"auto, (max-width: 768px) 100vw, 768px\" \/><\/figure>\n","protected":false},"excerpt":{"rendered":"<p>Frente a la reciente desvinculaci\u00f3n de m\u00e1s de 230 trabajadores de Mina Invierno y a las cr\u00edticas que ha recibido el proyecto carbon\u00edfero, CPC Magallanes sali\u00f3 a respaldar la gesti\u00f3n&#8230; <a class=\"read-more\" href=\"https:\/\/www.radiopresidenteibanez.cl\/web\/cpc-magallanes-enganosamente-se-pretende-responsabilizar-al-sector-privado-por-la-perdida-de-empleos\/\">Leer m\u00e1s<\/a><\/p>\n","protected":false},"author":2,"featured_media":5543,"comment_status":"closed","ping_status":"closed","sticky":false,"template":"","format":"standard","meta":{"footnotes":""},"categories":[1],"tags":[],"class_list":["post-5542","post","type-post","status-publish","format-standard","has-post-thumbnail","hentry","category-cronica"],"_links":{"self":[{"href":"https:\/\/www.radiopresidenteibanez.cl\/web\/wp-json\/wp\/v2\/posts\/5542","targetHints":{"allow":["GET"]}}],"collection":[{"href":"https:\/\/www.radiopresidenteibanez.cl\/web\/wp-json\/wp\/v2\/posts"}],"about":[{"href":"https:\/\/www.radiopresidenteibanez.cl\/web\/wp-json\/wp\/v2\/types\/post"}],"author":[{"embeddable":true,"href":"https:\/\/www.radiopresidenteibanez.cl\/web\/wp-json\/wp\/v2\/users\/2"}],"replies":[{"embeddable":true,"href":"https:\/\/www.radiopresidenteibanez.cl\/web\/wp-json\/wp\/v2\/comments?post=5542"}],"version-history":[{"count":0,"href":"https:\/\/www.radiopresidenteibanez.cl\/web\/wp-json\/wp\/v2\/posts\/5542\/revisions"}],"wp:featuredmedia":[{"embeddable":true,"href":"https:\/\/www.radiopresidenteibanez.cl\/web\/wp-json\/wp\/v2\/media\/5543"}],"wp:attachment":[{"href":"https:\/\/www.radiopresidenteibanez.cl\/web\/wp-json\/wp\/v2\/media?parent=5542"}],"wp:term":[{"taxonomy":"category","embeddable":true,"href":"https:\/\/www.radiopresidenteibanez.cl\/web\/wp-json\/wp\/v2\/categories?post=5542"},{"taxonomy":"post_tag","embeddable":true,"href":"https:\/\/www.radiopresidenteibanez.cl\/web\/wp-json\/wp\/v2\/tags?post=5542"}],"curies":[{"name":"wp","href":"https:\/\/api.w.org\/{rel}","templated":true}]}}