{"id":55418,"date":"2025-04-02T15:13:00","date_gmt":"2025-04-02T18:13:00","guid":{"rendered":"https:\/\/www.radiopresidenteibanez.cl\/web\/?p=55418"},"modified":"2025-04-02T12:01:31","modified_gmt":"2025-04-02T15:01:31","slug":"delegada-calisto-aborda-trabajos-conjuntos-con-nuevo-jefe-de-aerodromo-de-puerto-williams","status":"publish","type":"post","link":"https:\/\/www.radiopresidenteibanez.cl\/web\/delegada-calisto-aborda-trabajos-conjuntos-con-nuevo-jefe-de-aerodromo-de-puerto-williams\/","title":{"rendered":"Delegada Calisto aborda trabajos conjuntos con nuevo jefe de aer\u00f3dromo de Puerto Williams"},"content":{"rendered":"\n<p>Con el prop\u00f3sito de fortalecer los trabajos conjuntos a nivel institucional, la delegada presidencial provincial de la Ant\u00e1rtica Chilena, Constanza Calisto Gallardo, recibi\u00f3 un saludo protocolar de parte del nuevo jefe del aer\u00f3dromo Guardiamarina Za\u00f1artu de Puerto Williams, Guido Mar\u00edn Romero.<\/p>\n\n\n\n<p>En la instancia, ambas autoridades abordaron temas como el avance en las obras del cerco perimetral y acceso al terminal a\u00e9reo, planes de emergencia, mejoras en habitabilidad para personal de la DGAC, Plan Invierno 2025, aumento en la dotaci\u00f3n de funcionarios, visualizaci\u00f3n de la temporada ant\u00e1rtica 2025-2026, proyecto de ampliaci\u00f3n de plataforma del recinto, entre otros.<\/p>\n\n\n\n<p>\u201cLa reuni\u00f3n que tuvimos fue principalmente para darle la bienvenida al nuevo jefe del aer\u00f3dromo, entendiendo que, a diferencia de a\u00f1os anteriores, es primera vez que llega un administrador de aeropuertos. Para nosotros es s\u00faper importante trabajar transversalmente con las distintas instituciones que est\u00e1n presentes en el territorio a trav\u00e9s de una coordinaci\u00f3n territorial, y que est\u00e1 enfocada desde los distintos \u00e1mbitos\u201d, sostuvo la delegada Calisto.<\/p>\n\n\n\n<p>Adem\u00e1s, la m\u00e1xima autoridad provincial agradeci\u00f3 la labor desarrollada por la antecesora de Mar\u00edn, Andrea Ceballos, quien desde 2019 cumpli\u00f3 a cabalidad los desaf\u00edos que se presentaron, como los vuelos de emergencia durante la pandemia de coronavirus y el aumento de operaciones a\u00e9reas tras la finalizaci\u00f3n de dicha emergencia sanitaria; el traslado del aer\u00f3dromo a m\u00f3dulos provisorios mientras se constru\u00eda el nuevo terminal y su posterior retorno a las dependencias inauguradas en octubre pasado, entre otros.<\/p>\n\n\n\n<p>Desaf\u00edos del nuevo jefe del aer\u00f3dromo<\/p>\n\n\n\n<p>Guido Mar\u00edn es administrador de aeropuertos con 28 a\u00f1os de servicio en la DGAC. Nacido en Arica, ha trabajado principalmente en unidades del Norte Grande como su mencionada ciudad natal, Iquique, Antofagasta y Calama, adem\u00e1s de Santiago. Frente al nuevo desaf\u00edo de su carrera en un lugar con caracter\u00edsticas clim\u00e1ticas y geogr\u00e1ficas opuestas, Mar\u00edn se\u00f1ala que junto a su familia \u201cnos estamos acostumbrando, porque el fr\u00edo no lo hab\u00edamos vivido en esta intensidad, menos las lluvias. Ya estamos un poco adaptados, preparados en familia y esperando que venga la nieve\u201d. Pese a ello, recalc\u00f3 que \u201cme he sentido genial, muy bien. La ciudad es muy acogedora, es muy bonito el lugar y la gente es muy cordial. Me he sentido muy a gusto\u201d.<\/p>\n\n\n\n<p>Respecto a la reuni\u00f3n con la delegada Calisto, el jefe del aer\u00f3dromo, quien inici\u00f3 sus funciones en Puerto Williams el 28 de febrero pasado, detall\u00f3 que \u201cme encomend\u00f3 principalmente el desaf\u00edo de hacer el plan de emergencias de la unidad, involucrando a todos los servicios p\u00fablicos, para que tambi\u00e9n se preparen y vean la respuesta que ellos tengan ante una emergencia a\u00e9rea. No es algo menor, ya que podr\u00eda ser de gran impacto a nivel nacional y mundial. Ojal\u00e1 y espero que nunca nos vuelva a suceder lo que pas\u00f3 ac\u00e1 en el a\u00f1o 91 con el avi\u00f3n Lan (donde fallecieron 20 personas producto del accidente a\u00e9reo en la capital provincial)\u201d.<\/p>\n\n\n\n<p>En relaci\u00f3n a la venidera temporada invernal, Mar\u00edn indic\u00f3 que la unidad cuenta con un remanente del a\u00f1o pasado de 4 mil 200 litros de glicol y mil 250 kilos de urea para ser usados en la pista de aterrizaje. Asimismo, se ha solicitado a nivel central la compra de otros 25 mil litros de glicol y 20 mil kilos de urea, los cuales deber\u00edan arribar entre los meses de abril y mayo. \u201cEl consumo de estos agentes depender\u00e1 de las condiciones meteorol\u00f3gicas que se presenten, por lo tanto, no se puede estimar lo que se utilizar\u00e1\u201d, mencion\u00f3, agregando que en caso de falta de stock se puede recibir apoyo con agentes de las unidades de Punta Arenas, Balmaceda, Puerto Natales o Santiago.<\/p>\n\n\n\n<p>\u201cRecalcar que la unidad hasta la fecha siempre ha estado con la pista operativa para las operaciones a\u00e9reas aunque nieve o escarche, es decir, mojada o seca. Ahora bien, en caso que la aeronave no venga, s\u00f3lo se deber\u00e1 a condiciones clim\u00e1ticas extremas o decisi\u00f3n de la compa\u00f1\u00eda a\u00e9rea\u201d, sostuvo Mar\u00edn.<\/p>\n\n\n\n<p>El personal del aer\u00f3dromo Guardiamarina Za\u00f1artu est\u00e1 compuesto por 21 funcionarios en el \u00e1rea operativa y dos en administrativa. Las principales unidades son el servicio de tr\u00e1nsito a\u00e9reo, el Servicio de Salvamento de Extinci\u00f3n de Incendios en Aeronaves (SSEI), el \u00e1rea de operaciones de vuelo, el \u00e1rea log\u00edstica y Seguridad Aeroportuaria (Avsec, por sus siglas en ingl\u00e9s).<\/p>\n","protected":false},"excerpt":{"rendered":"<p>Con el prop\u00f3sito de fortalecer los trabajos conjuntos a nivel institucional, la delegada presidencial provincial de la Ant\u00e1rtica Chilena, Constanza Calisto Gallardo, recibi\u00f3 un saludo protocolar de parte del nuevo&#8230; <a class=\"read-more\" href=\"https:\/\/www.radiopresidenteibanez.cl\/web\/delegada-calisto-aborda-trabajos-conjuntos-con-nuevo-jefe-de-aerodromo-de-puerto-williams\/\">Leer m\u00e1s<\/a><\/p>\n","protected":false},"author":2,"featured_media":55419,"comment_status":"closed","ping_status":"closed","sticky":false,"template":"","format":"standard","meta":{"footnotes":""},"categories":[1],"tags":[],"class_list":["post-55418","post","type-post","status-publish","format-standard","has-post-thumbnail","hentry","category-cronica"],"_links":{"self":[{"href":"https:\/\/www.radiopresidenteibanez.cl\/web\/wp-json\/wp\/v2\/posts\/55418","targetHints":{"allow":["GET"]}}],"collection":[{"href":"https:\/\/www.radiopresidenteibanez.cl\/web\/wp-json\/wp\/v2\/posts"}],"about":[{"href":"https:\/\/www.radiopresidenteibanez.cl\/web\/wp-json\/wp\/v2\/types\/post"}],"author":[{"embeddable":true,"href":"https:\/\/www.radiopresidenteibanez.cl\/web\/wp-json\/wp\/v2\/users\/2"}],"replies":[{"embeddable":true,"href":"https:\/\/www.radiopresidenteibanez.cl\/web\/wp-json\/wp\/v2\/comments?post=55418"}],"version-history":[{"count":0,"href":"https:\/\/www.radiopresidenteibanez.cl\/web\/wp-json\/wp\/v2\/posts\/55418\/revisions"}],"wp:featuredmedia":[{"embeddable":true,"href":"https:\/\/www.radiopresidenteibanez.cl\/web\/wp-json\/wp\/v2\/media\/55419"}],"wp:attachment":[{"href":"https:\/\/www.radiopresidenteibanez.cl\/web\/wp-json\/wp\/v2\/media?parent=55418"}],"wp:term":[{"taxonomy":"category","embeddable":true,"href":"https:\/\/www.radiopresidenteibanez.cl\/web\/wp-json\/wp\/v2\/categories?post=55418"},{"taxonomy":"post_tag","embeddable":true,"href":"https:\/\/www.radiopresidenteibanez.cl\/web\/wp-json\/wp\/v2\/tags?post=55418"}],"curies":[{"name":"wp","href":"https:\/\/api.w.org\/{rel}","templated":true}]}}