{"id":55400,"date":"2025-04-02T08:31:21","date_gmt":"2025-04-02T11:31:21","guid":{"rendered":"https:\/\/www.radiopresidenteibanez.cl\/web\/?p=55400"},"modified":"2025-04-02T08:58:49","modified_gmt":"2025-04-02T11:58:49","slug":"profesores-y-servicio-local-de-educacion-publicaacercan-posiciones-tras-extensa-reunion","status":"publish","type":"post","link":"https:\/\/www.radiopresidenteibanez.cl\/web\/profesores-y-servicio-local-de-educacion-publicaacercan-posiciones-tras-extensa-reunion\/","title":{"rendered":"Profesores y Servicio Local de Educaci\u00f3n P\u00fablicaacercan posiciones tras extensa reuni\u00f3n"},"content":{"rendered":"\n<p>En una larga reuni\u00f3n de trabajo, que dur\u00f3 m\u00e1s de seis horas, los dirigentes<br>gremiales y sindicales docentes y el SLEP Magallanes, consensuaron una<br>propuesta de protocolo con una serie de iniciativas que buscan mejorar las<br>condiciones laborales de los trabajadores.<br>Si bien en la mesa existi\u00f3 acuerdo en la mayor\u00eda de los puntos, los dirigentes de los<br>docentes indicaron que llevar\u00e1n el contenido del protocolo propuesto a reflexi\u00f3n de<br>sus bases durante la ma\u00f1ana de este mi\u00e9rcoles para entregar una respuesta<br>durante la misma jornada<br>El documento desarrollado en conjunto contiene medidas vinculadas con las<br>condiciones laborales, desarrollo y bienestar docente en las distintas provincias.<br>Adem\u00e1s de la instalaci\u00f3n de una mesa que en un plazo breve de dos meses debe<br>elaborar un diagn\u00f3stico de la situaci\u00f3n salarial de los docentes en Magallanes para<br>presentar un informe a la Direcci\u00f3n de Educaci\u00f3n P\u00fablica.<br>El director ejecutivo subrogante del SLEP Magallanes, Jorge Vald\u00e9s Or\u00f3stica, valor\u00f3<br>el \u00e1nimo constructivo de la reuni\u00f3n y recalc\u00f3 que \u201cavanzamos en distintos acuerdos<br>entendiendo que esto era posible en aquellas materias en las que el Servicio cuenta<br>con las facultades para implementarlas, de acuerdo con la normativa que orienta<br>nuestra labor\u201d.<br>Por su parte, el seremi de Educaci\u00f3n, Valent\u00edn Aguilera G\u00f3mez, expres\u00f3 que \u201cha<br>sido una jornada de importantes avances en las conversaciones con gremios y<br>sindicatos de profesores y profesoras, esperando a la brevedad el retorno a clases<br>en la totalidad de los establecimientos p\u00fablicos de nuestra regi\u00f3n. Los ni\u00f1os, ni\u00f1as y<br>j\u00f3venes de Magallanes no pueden seguir esperando\u201d.<\/p>\n","protected":false},"excerpt":{"rendered":"<p>En una larga reuni\u00f3n de trabajo, que dur\u00f3 m\u00e1s de seis horas, los dirigentesgremiales y sindicales docentes y el SLEP Magallanes, consensuaron unapropuesta de protocolo con una serie de iniciativas&#8230; <a class=\"read-more\" href=\"https:\/\/www.radiopresidenteibanez.cl\/web\/profesores-y-servicio-local-de-educacion-publicaacercan-posiciones-tras-extensa-reunion\/\">Leer m\u00e1s<\/a><\/p>\n","protected":false},"author":2,"featured_media":55401,"comment_status":"closed","ping_status":"closed","sticky":false,"template":"","format":"standard","meta":{"footnotes":""},"categories":[1],"tags":[],"class_list":["post-55400","post","type-post","status-publish","format-standard","has-post-thumbnail","hentry","category-cronica"],"_links":{"self":[{"href":"https:\/\/www.radiopresidenteibanez.cl\/web\/wp-json\/wp\/v2\/posts\/55400","targetHints":{"allow":["GET"]}}],"collection":[{"href":"https:\/\/www.radiopresidenteibanez.cl\/web\/wp-json\/wp\/v2\/posts"}],"about":[{"href":"https:\/\/www.radiopresidenteibanez.cl\/web\/wp-json\/wp\/v2\/types\/post"}],"author":[{"embeddable":true,"href":"https:\/\/www.radiopresidenteibanez.cl\/web\/wp-json\/wp\/v2\/users\/2"}],"replies":[{"embeddable":true,"href":"https:\/\/www.radiopresidenteibanez.cl\/web\/wp-json\/wp\/v2\/comments?post=55400"}],"version-history":[{"count":0,"href":"https:\/\/www.radiopresidenteibanez.cl\/web\/wp-json\/wp\/v2\/posts\/55400\/revisions"}],"wp:featuredmedia":[{"embeddable":true,"href":"https:\/\/www.radiopresidenteibanez.cl\/web\/wp-json\/wp\/v2\/media\/55401"}],"wp:attachment":[{"href":"https:\/\/www.radiopresidenteibanez.cl\/web\/wp-json\/wp\/v2\/media?parent=55400"}],"wp:term":[{"taxonomy":"category","embeddable":true,"href":"https:\/\/www.radiopresidenteibanez.cl\/web\/wp-json\/wp\/v2\/categories?post=55400"},{"taxonomy":"post_tag","embeddable":true,"href":"https:\/\/www.radiopresidenteibanez.cl\/web\/wp-json\/wp\/v2\/tags?post=55400"}],"curies":[{"name":"wp","href":"https:\/\/api.w.org\/{rel}","templated":true}]}}