{"id":55392,"date":"2025-04-01T17:39:00","date_gmt":"2025-04-01T20:39:00","guid":{"rendered":"https:\/\/www.radiopresidenteibanez.cl\/web\/?p=55392"},"modified":"2025-04-01T15:19:39","modified_gmt":"2025-04-01T18:19:39","slug":"minvu-inicio-la-postulacion-al-subsidio-de-arriendo-para-persona-mayores-y-con-discapacidad","status":"publish","type":"post","link":"https:\/\/www.radiopresidenteibanez.cl\/web\/minvu-inicio-la-postulacion-al-subsidio-de-arriendo-para-persona-mayores-y-con-discapacidad\/","title":{"rendered":"Minvu inici\u00f3 la postulaci\u00f3n al Subsidio de Arriendo para persona mayores y con discapacidad"},"content":{"rendered":"\n<figure class=\"wp-block-table\"><table class=\"has-fixed-layout\"><tbody><tr><td><\/td><\/tr><tr><td>Desde este Martes 1 y hasta el 30 de abril, estar\u00e1 abierto el nuevo Llamado Especial del Subsidio de Arriendo 2025, un beneficio del Ministerio de Vivienda y Urbanismo (Minvu) dirigido exclusivamente a personas mayores y personas con discapacidad que no cuenten con una soluci\u00f3n habitacional definitiva.\u00a0El llamado contempla una cobertura estatal de entre un 90% y un 95% del valor mensual del arriendo, dependiendo del\u00a0tramo socioecon\u00f3mico que se tenga en el Registro Social de Hogares (RSH).\u00a0\u201cEste es un muy buen beneficio que permite a las personas mayores y personas con discapacidad contar con un apoyo importante para pagar un arriendo mensual. Estamos hablando de que, si el arriendo es de 450 mil pesos, podr\u00e1n tener un ahorro, m\u00e1s o menos, de 420 mil pesos mensuales para destinar a otro tipo de gastos\u201d, destac\u00f3 el seremi de Vivienda y Urbanismo,\u00a0<strong>Marco Uribe Saldivia<\/strong>.\u00a0Este programa forma parte del Plan de Emergencia Habitacional impulsado por el gobierno del Presidente Gabriel Boric, que no s\u00f3lo contempla la construcci\u00f3n de viviendas, sino tambi\u00e9n alternativas de acceso\u00a0como el Arriendo a Precio Justo o los Condominios de Viviendas Tuteladas.<br><br><strong>\u201cEs una ayuda muy buena\u201d<\/strong>\u00a0<br>En la regi\u00f3n de Magallanes se han dispuesto 106 cupos para este llamado especial, de los cuales 95 est\u00e1n destinados a personas mayores y 11 a personas con discapacidad, con arriendos permitidos de hasta 13 UF mensuales.\u00a0\u201cFui a SERVIU y ah\u00ed me informaron y orientaron para poder sacar este subsidio de arriendo, que me lo acaban de renovar por dos a\u00f1os m\u00e1s. Sin este beneficio no me alcanzar\u00eda, no podr\u00eda vivir aqu\u00ed porque recibo 214 mil pesos (ingresos) y son 450 mil pesos de arriendo, pero yo s\u00f3lo pago 23 mil pesos. As\u00ed que es una ayuda muy buena\u201d, valor\u00f3\u00a0<strong>Mariana Contreras Ibaceta<\/strong>, beneficiaria del subsidio.\u00a0<br><br>El director (s) del SERVIU,\u00a0<strong>Omar Gonz\u00e1lez Asenjo<\/strong>, inform\u00f3 que este subsidio permite que personas mayores de 60 a\u00f1os y personas con discapacidad mayores de 18 a\u00f1os, pertenecientes al 70% m\u00e1s vulnerable seg\u00fan el Registro Social de Hogares (RSH), puedan acceder a una vivienda en arriendo sin necesidad de contar con ahorro previo ni haber postulado a otros beneficios habitacionales.\u00a0\u201cEn el caso de personas con una discapacidad acreditada, deber\u00e1n cumplir con el mismo tramo del RSH e ingreso m\u00ednimo de 5 UF, equivalente a la Pensi\u00f3n Garantizada Universal (PGU). En ambos casos no se debe contar con ahorro m\u00ednimo y se otorgar\u00e1 un puntaje adicional por tener la calidad de persona cuidadora\u201d,\u00a0explic\u00f3 la autoridad.\u00a0El director (s) del SERVIU, adem\u00e1s, inform\u00f3 que, a la hora de aplicar el beneficio, uno de los requisitos m\u00e1s importantes a cumplir es que la vivienda est\u00e9 regularizada. \u201cEse tr\u00e1mite se realiza en la Direcci\u00f3n de Obras Municipales (DOM) y es necesario para poder aplicar el subsidio\u201d, coment\u00f3.\u00a0La postulaci\u00f3n se realizar\u00e1 de forma presencial en las oficinas del SERVIU y sus delegaciones, o de forma online en la p\u00e1gina web\u00a0<a href=\"http:\/\/www.minvu.cl\/\" target=\"_blank\" rel=\"noreferrer noopener\">www.minvu.cl<\/a>, con la Clave \u00danica del Registro Civil e Identificaci\u00f3n.<\/td><\/tr><\/tbody><\/table><\/figure>\n","protected":false},"excerpt":{"rendered":"<p>Desde este Martes 1 y hasta el 30 de abril, estar\u00e1 abierto el nuevo Llamado Especial del Subsidio de Arriendo 2025, un beneficio del Ministerio de Vivienda y Urbanismo (Minvu)&#8230; <a class=\"read-more\" href=\"https:\/\/www.radiopresidenteibanez.cl\/web\/minvu-inicio-la-postulacion-al-subsidio-de-arriendo-para-persona-mayores-y-con-discapacidad\/\">Leer m\u00e1s<\/a><\/p>\n","protected":false},"author":2,"featured_media":55393,"comment_status":"closed","ping_status":"closed","sticky":false,"template":"","format":"standard","meta":{"footnotes":""},"categories":[1],"tags":[],"class_list":["post-55392","post","type-post","status-publish","format-standard","has-post-thumbnail","hentry","category-cronica"],"_links":{"self":[{"href":"https:\/\/www.radiopresidenteibanez.cl\/web\/wp-json\/wp\/v2\/posts\/55392","targetHints":{"allow":["GET"]}}],"collection":[{"href":"https:\/\/www.radiopresidenteibanez.cl\/web\/wp-json\/wp\/v2\/posts"}],"about":[{"href":"https:\/\/www.radiopresidenteibanez.cl\/web\/wp-json\/wp\/v2\/types\/post"}],"author":[{"embeddable":true,"href":"https:\/\/www.radiopresidenteibanez.cl\/web\/wp-json\/wp\/v2\/users\/2"}],"replies":[{"embeddable":true,"href":"https:\/\/www.radiopresidenteibanez.cl\/web\/wp-json\/wp\/v2\/comments?post=55392"}],"version-history":[{"count":0,"href":"https:\/\/www.radiopresidenteibanez.cl\/web\/wp-json\/wp\/v2\/posts\/55392\/revisions"}],"wp:featuredmedia":[{"embeddable":true,"href":"https:\/\/www.radiopresidenteibanez.cl\/web\/wp-json\/wp\/v2\/media\/55393"}],"wp:attachment":[{"href":"https:\/\/www.radiopresidenteibanez.cl\/web\/wp-json\/wp\/v2\/media?parent=55392"}],"wp:term":[{"taxonomy":"category","embeddable":true,"href":"https:\/\/www.radiopresidenteibanez.cl\/web\/wp-json\/wp\/v2\/categories?post=55392"},{"taxonomy":"post_tag","embeddable":true,"href":"https:\/\/www.radiopresidenteibanez.cl\/web\/wp-json\/wp\/v2\/tags?post=55392"}],"curies":[{"name":"wp","href":"https:\/\/api.w.org\/{rel}","templated":true}]}}