{"id":5539,"date":"2019-07-03T19:47:41","date_gmt":"2019-07-03T19:47:41","guid":{"rendered":"http:\/\/www.radiopresidenteibanez.cl\/web\/?p=5539"},"modified":"2019-07-03T19:48:21","modified_gmt":"2019-07-03T19:48:21","slug":"personal-guardaparques-de-conaf-conoce-metodo-para-detectar-presencia-de-especies-exoticas-a-traves-del-analisis-genetico","status":"publish","type":"post","link":"https:\/\/www.radiopresidenteibanez.cl\/web\/personal-guardaparques-de-conaf-conoce-metodo-para-detectar-presencia-de-especies-exoticas-a-traves-del-analisis-genetico\/","title":{"rendered":"PERSONAL GUARDAPARQUES DE CONAF CONOCE M\u00c9TODO PARA DETECTAR PRESENCIA DE ESPECIES EX\u00d3TICAS A TRAV\u00c9S DEL AN\u00c1LISIS GEN\u00c9TICO"},"content":{"rendered":"\n<p>Como un aporte sustancial a ampliar el foco puesto en la conservaci\u00f3n de la diversidad biol\u00f3gica de las \u00e1reas silvestres protegidas de la regi\u00f3n, puede ser considerado el taller de capacitaci\u00f3n que realiz\u00f3 el personal guadaparques de CONAF sobre monitoreo de la diversidad terrestre en el Parque Nacional Torres del Paine.<\/p>\n\n\n\n<p>El \u201cTaller de Capacitaci\u00f3n de Monitoreo de Bioviversidad Terrestre\u201d,&nbsp; dictado de manera te\u00f3rica y pr\u00e1ctica por los investigadores de la Universidad Austral de Chile, Mauricio Soto, Pablo Saenz y Milton Jim\u00e9nez, permiti\u00f3 a personal guardaparques de distintas \u00e1reas silvestres protegidas de la regi\u00f3n conocer nuevas t\u00e9cnicas cient\u00edficas para el monitoreo principalmente de objetos de conservaci\u00f3n biol\u00f3gica, tanto de flora como de fauna.<\/p>\n\n\n\n<p>Entre las sesiones te\u00f3ricas y pr\u00e1cticas, una de las t\u00e9cnicas que suscit\u00f3 el inter\u00e9s de los participantes fue el monitoreo de cursos y cuerpos de agua para determinar la diversidad&nbsp; a partir del ADN ambiental. Es decir, a trav\u00e9s de la toma de muestras de agua y un an\u00e1lisis gen\u00e9tico posterior, se podr\u00eda evidenciar la presencia de especies que en su trayecto y cruce por el \u00e1rea, terminaron dejando una huella de su paso.<\/p>\n\n\n\n<p>Ejemplos y utilidades de esta t\u00e9cnica son m\u00faltiples, tales como detectar la presencia de especies ex\u00f3ticas como el vis\u00f3n o de otras especies invasoras&nbsp; como el castor&nbsp; que afecta en especial a los ecosistemas forestales y cursos de agua.<\/p>\n\n\n\n<p>\u201cEl conocer estas nuevas t\u00e9cnicas de monitoreo, permite ampliar las posibilidades en el marco de la conservaci\u00f3n de la diversidad biol\u00f3gica de las \u00e1reas silvestres protegidas. Antes implicaba un gran esfuerzo en terreno, recorridos de extensi\u00f3n importantes y, en ocasiones, con resultados no tan significativos al respecto\u201d se\u00f1ala, Alejandra Silva, profesional del Departamento de \u00c1reas Silvestres Protegidas y Jefa de la Secci\u00f3n de Conservaci\u00f3n de la diversidad biol\u00f3gica, qui\u00e9n adem\u00e1s adelant\u00f3 que se piensa en una segunda fase del curso.<\/p>\n\n\n\n<p>Este taller es parte de las actividades&nbsp; que desarrolla la Universidad Austral de Chile a trav\u00e9s del Programa Austral Patagonia. Este programa es financiamiento de The Pew Charitable Trusts, y busca generar conocimiento y promover el mejoramiento en los est\u00e1ndares de gesti\u00f3n y manejo en \u00e1reas protegidas de la Patagonia Chilena.<\/p>\n\n\n\n<p>El Departamento de \u00c1reas Silvestres Protegidas de CONAF lidera\u00a0 el programa de Conservaci\u00f3n de la diversidad biol\u00f3gica, el cual cuenta con profesionales encargados de monitorear de forma permanente el ecosistema natural de los parques nacionales, monumentos naturales y reservas que se encuentran bajo su administraci\u00f3n.<\/p>\n\n\n\n<figure class=\"wp-block-image\"><img loading=\"lazy\" decoding=\"async\" width=\"900\" height=\"600\" src=\"https:\/\/www.radiopresidenteibanez.cl\/web\/wp-content\/uploads\/2019\/07\/20190612144645_IMG_2156.jpg\" alt=\"\" class=\"wp-image-5540\" srcset=\"https:\/\/www.radiopresidenteibanez.cl\/web\/wp-content\/uploads\/2019\/07\/20190612144645_IMG_2156.jpg 900w, https:\/\/www.radiopresidenteibanez.cl\/web\/wp-content\/uploads\/2019\/07\/20190612144645_IMG_2156-300x200.jpg 300w, https:\/\/www.radiopresidenteibanez.cl\/web\/wp-content\/uploads\/2019\/07\/20190612144645_IMG_2156-768x512.jpg 768w\" sizes=\"auto, (max-width: 900px) 100vw, 900px\" \/><\/figure>\n","protected":false},"excerpt":{"rendered":"<p>Como un aporte sustancial a ampliar el foco puesto en la conservaci\u00f3n de la diversidad biol\u00f3gica de las \u00e1reas silvestres protegidas de la regi\u00f3n, puede ser considerado el taller de&#8230; <a class=\"read-more\" href=\"https:\/\/www.radiopresidenteibanez.cl\/web\/personal-guardaparques-de-conaf-conoce-metodo-para-detectar-presencia-de-especies-exoticas-a-traves-del-analisis-genetico\/\">Leer m\u00e1s<\/a><\/p>\n","protected":false},"author":2,"featured_media":5540,"comment_status":"closed","ping_status":"closed","sticky":false,"template":"","format":"standard","meta":{"footnotes":""},"categories":[1],"tags":[],"class_list":["post-5539","post","type-post","status-publish","format-standard","has-post-thumbnail","hentry","category-cronica"],"_links":{"self":[{"href":"https:\/\/www.radiopresidenteibanez.cl\/web\/wp-json\/wp\/v2\/posts\/5539","targetHints":{"allow":["GET"]}}],"collection":[{"href":"https:\/\/www.radiopresidenteibanez.cl\/web\/wp-json\/wp\/v2\/posts"}],"about":[{"href":"https:\/\/www.radiopresidenteibanez.cl\/web\/wp-json\/wp\/v2\/types\/post"}],"author":[{"embeddable":true,"href":"https:\/\/www.radiopresidenteibanez.cl\/web\/wp-json\/wp\/v2\/users\/2"}],"replies":[{"embeddable":true,"href":"https:\/\/www.radiopresidenteibanez.cl\/web\/wp-json\/wp\/v2\/comments?post=5539"}],"version-history":[{"count":0,"href":"https:\/\/www.radiopresidenteibanez.cl\/web\/wp-json\/wp\/v2\/posts\/5539\/revisions"}],"wp:featuredmedia":[{"embeddable":true,"href":"https:\/\/www.radiopresidenteibanez.cl\/web\/wp-json\/wp\/v2\/media\/5540"}],"wp:attachment":[{"href":"https:\/\/www.radiopresidenteibanez.cl\/web\/wp-json\/wp\/v2\/media?parent=5539"}],"wp:term":[{"taxonomy":"category","embeddable":true,"href":"https:\/\/www.radiopresidenteibanez.cl\/web\/wp-json\/wp\/v2\/categories?post=5539"},{"taxonomy":"post_tag","embeddable":true,"href":"https:\/\/www.radiopresidenteibanez.cl\/web\/wp-json\/wp\/v2\/tags?post=5539"}],"curies":[{"name":"wp","href":"https:\/\/api.w.org\/{rel}","templated":true}]}}