{"id":55373,"date":"2025-04-01T10:26:16","date_gmt":"2025-04-01T13:26:16","guid":{"rendered":"https:\/\/www.radiopresidenteibanez.cl\/web\/?p=55373"},"modified":"2025-04-01T10:26:23","modified_gmt":"2025-04-01T13:26:23","slug":"indh-y-seremi-de-educacion-sostuvieron-encuentro-poniendo-el-foco-en-los-derechos-de-las-y-los-estudiantes-que-estan-sin-clases-en-la-region","status":"publish","type":"post","link":"https:\/\/www.radiopresidenteibanez.cl\/web\/indh-y-seremi-de-educacion-sostuvieron-encuentro-poniendo-el-foco-en-los-derechos-de-las-y-los-estudiantes-que-estan-sin-clases-en-la-region\/","title":{"rendered":"INDH y Seremi de Educaci\u00f3n sostuvieron encuentro poniendo el foco en los derechos de las y los estudiantes que est\u00e1n sin clases en la regi\u00f3n"},"content":{"rendered":"\n<p>Esta ma\u00f1ana, el seremi de Educaci\u00f3n, Valent\u00edn Aguilera G\u00f3mez, se reuni\u00f3 con el jefe regional del INDH, Cristian Figueroa Fuentealba, para enfrentar la problem\u00e1tica que afecta a ni\u00f1as, ni\u00f1os y j\u00f3venes de la Educaci\u00f3n P\u00fablica como consecuencia del paro docente iniciado el 5 de marzo.<\/p>\n\n\n\n<p>\u201cNos reunimos hoy con el seremi de educaci\u00f3n, Valent\u00edn Aguilera y parte de su equipo, para conocer los alcances que ha tenido esta movilizaci\u00f3n de los docentes en la regi\u00f3n y solicitar los antecedentes respectivos. Como INDH le representamos a la autoridad, nuestra preocupaci\u00f3n por la falta de acceso a la educaci\u00f3n de miles de ni\u00f1os, ni\u00f1as y adolescentes en la regi\u00f3n, se\u00f1alando que, como grupos de especial protecci\u00f3n, los esfuerzos deben dirigirse a superar este conflicto que lleva ya casi un mes y que est\u00e1 afectando el derecho a la educaci\u00f3n de las y los estudiantes\u201d, indic\u00f3 Cristi\u00e1n Figueroa Fuentealba.<\/p>\n\n\n\n<p>Asimismo, coment\u00f3 que la instituci\u00f3n espera que se puedan acercar posiciones, en tanto, ofreci\u00f3 la disposici\u00f3n a cumplir un rol como observadores de encuentros de trabajo a definir, seg\u00fan corresponda.<\/p>\n\n\n\n<p>Por su parte, el seremi de Educaci\u00f3n se\u00f1al\u00f3 que \u201cpara el Ministerio de Educaci\u00f3n, es primordial que todas y todos los estudiantes puedan acceder a los aprendizajes que forman parte del servicio educativo que ofrece el Estado, es la centralidad de nuestra labor y hemos insistido en aquello. Por lo mismo, hacemos un llamado urgente a flexibilizar posiciones. Como gobierno hemos escuchado a las y los docentes en todas las instancias, les hemos respondido dentro del marco de la legalidad, pero no podemos soslayar que el tiempo sigue corriendo en contra de las ni\u00f1as y ni\u00f1os que a\u00fan no pueden ejercer su derecho a recibir educaci\u00f3n. Esta discusi\u00f3n no puede extenderse m\u00e1s, sin volver&nbsp;a&nbsp;las&nbsp;aulas\u201d.<\/p>\n","protected":false},"excerpt":{"rendered":"<p>Esta ma\u00f1ana, el seremi de Educaci\u00f3n, Valent\u00edn Aguilera G\u00f3mez, se reuni\u00f3 con el jefe regional del INDH, Cristian Figueroa Fuentealba, para enfrentar la problem\u00e1tica que afecta a ni\u00f1as, ni\u00f1os y&#8230; <a class=\"read-more\" href=\"https:\/\/www.radiopresidenteibanez.cl\/web\/indh-y-seremi-de-educacion-sostuvieron-encuentro-poniendo-el-foco-en-los-derechos-de-las-y-los-estudiantes-que-estan-sin-clases-en-la-region\/\">Leer m\u00e1s<\/a><\/p>\n","protected":false},"author":2,"featured_media":55374,"comment_status":"closed","ping_status":"closed","sticky":false,"template":"","format":"standard","meta":{"footnotes":""},"categories":[1],"tags":[],"class_list":["post-55373","post","type-post","status-publish","format-standard","has-post-thumbnail","hentry","category-cronica"],"_links":{"self":[{"href":"https:\/\/www.radiopresidenteibanez.cl\/web\/wp-json\/wp\/v2\/posts\/55373","targetHints":{"allow":["GET"]}}],"collection":[{"href":"https:\/\/www.radiopresidenteibanez.cl\/web\/wp-json\/wp\/v2\/posts"}],"about":[{"href":"https:\/\/www.radiopresidenteibanez.cl\/web\/wp-json\/wp\/v2\/types\/post"}],"author":[{"embeddable":true,"href":"https:\/\/www.radiopresidenteibanez.cl\/web\/wp-json\/wp\/v2\/users\/2"}],"replies":[{"embeddable":true,"href":"https:\/\/www.radiopresidenteibanez.cl\/web\/wp-json\/wp\/v2\/comments?post=55373"}],"version-history":[{"count":0,"href":"https:\/\/www.radiopresidenteibanez.cl\/web\/wp-json\/wp\/v2\/posts\/55373\/revisions"}],"wp:featuredmedia":[{"embeddable":true,"href":"https:\/\/www.radiopresidenteibanez.cl\/web\/wp-json\/wp\/v2\/media\/55374"}],"wp:attachment":[{"href":"https:\/\/www.radiopresidenteibanez.cl\/web\/wp-json\/wp\/v2\/media?parent=55373"}],"wp:term":[{"taxonomy":"category","embeddable":true,"href":"https:\/\/www.radiopresidenteibanez.cl\/web\/wp-json\/wp\/v2\/categories?post=55373"},{"taxonomy":"post_tag","embeddable":true,"href":"https:\/\/www.radiopresidenteibanez.cl\/web\/wp-json\/wp\/v2\/tags?post=55373"}],"curies":[{"name":"wp","href":"https:\/\/api.w.org\/{rel}","templated":true}]}}