{"id":55359,"date":"2025-03-31T17:14:00","date_gmt":"2025-03-31T20:14:00","guid":{"rendered":"https:\/\/www.radiopresidenteibanez.cl\/web\/?p=55359"},"modified":"2025-03-31T15:21:35","modified_gmt":"2025-03-31T18:21:35","slug":"reconocimiento-a-mujeres-destacadas-en-la-ceremonia-de-cierre-del-8m-en-puerto-natales","status":"publish","type":"post","link":"https:\/\/www.radiopresidenteibanez.cl\/web\/reconocimiento-a-mujeres-destacadas-en-la-ceremonia-de-cierre-del-8m-en-puerto-natales\/","title":{"rendered":"RECONOCIMIENTO A MUJERES DESTACADAS EN LA CEREMONIA DE CIERRE DEL 8M EN PUERTO NATALES"},"content":{"rendered":"\n<p>En el marco del cierre de las actividades conmemorativas del mes de la mujer, este viernes se llev\u00f3 a cabo una emotiva ceremonia de reconocimiento a tres mujeres destacadas de nuestra provincia, quienes han marcado una huella imborrable con su trabajo, dedicaci\u00f3n y esfuerzo. La ceremonia, que se realiz\u00f3 en el gimnasio del Club Deportivo Esmeralda, fue encabezada por el delegado Guillermo Ruiz Santana, la Seremi de la Mujer y Equidad de G\u00e9nero, Alejandra Ruiz, la alcaldesa de Torres del Paine, Anah\u00ed C\u00e1rdenas, el alcalde protocolar de Natales, Ricardo Urtubia, y concejales de ambas comunas, as\u00ed como las familias de las homenajeadas.<\/p>\n\n\n\n<p>En este evento, enmarcado en un gobierno en terreno, se destac\u00f3 el compromiso del Gobierno de Chile con el respeto y la reivindicaci\u00f3n de los derechos de las mujeres, subrayando la importancia de continuar trabajando por la equidad de g\u00e9nero y la visibilizaci\u00f3n de las mujeres en nuestra comunidad.<\/p>\n\n\n\n<p>Se destac\u00f3 a Edith Zalej Santos, una mujer incansable que lleva 75 a\u00f1os al mando de su tienda de venta de telas, \u201cCasa Herrera\u201d, una labor que ha desempe\u00f1ado con dedicaci\u00f3n y entereza, sorteando innumerables dificultades. A lo largo de su vida, ha acompa\u00f1ado a generaciones de clientes, consolid\u00e1ndose como un s\u00edmbolo de perseverancia y trabajo ininterrumpido. Su historia refleja el sacrificio y la determinaci\u00f3n de una mujer que, a pesar de los desaf\u00edos, ha sabido mantener su negocio en pie durante m\u00e1s de siete d\u00e9cadas.<\/p>\n\n\n\n<p>Tambi\u00e9n fue reconocida, Ivonne Lucero Vidal, quien ha dedicado su vida al incentivo de la lectura y el desarrollo cultural de la comunidad en Villa Cerro Castillo, comuna de Torres del Paine. Tras radicarse en 1980, comenz\u00f3 su labor como bibliotecaria en 1982, contribuyendo de manera significativa a la educaci\u00f3n en la provincia. Ha sido un pilar en su comunidad, comprometida con el bienestar de quienes la rodean, siempre destac\u00e1ndose por su labor de servicio.<\/p>\n\n\n\n<p>Juana Vargas S\u00e1nchez, ha sido una verdadera matriarca en su familia y comunidad. Desde muy joven se dedic\u00f3 a las labores del campo y la gastronom\u00eda, aprendiendo los oficios tradicionales de la Isla de Chilo\u00e9. A lo largo de los a\u00f1os, ha perfeccionado sus recetas, convirti\u00e9ndose en un referente gastron\u00f3mico en Puerto Natales, especialmente conocida por sus milcaos y prietas, que han sido una fuente de sustento para ella y su familia. Su historia es un testimonio de esfuerzo y sacrificio, y su trabajo ha impactado no solo a su familia, sino a toda la comunidad.<\/p>\n\n\n\n<p>Tras la ceremonia el delegado Guillermo Ruiz Santana, valor\u00f3 que, \u00abHoy, en este acto de cierre del mes de la mujer, es un honor reconocer a estas mujeres ejemplares, quienes con su esfuerzo y dedicaci\u00f3n, las tres en distintos rubros y \u00e1mbitos parte importante de su vida al rescate de la historia, de la gastronom\u00eda chilota, en el caso del comercio y tambi\u00e9n en el caso de acercar lo que es el mundo de los libros y la literatura\u201d.<\/p>\n\n\n\n<p>Agreg\u00f3 que, \u201cestamos muy contentos porque hemos dado pasos importantes en la reivindicaci\u00f3n de las mujeres, sabemos que a\u00fan quedan grandes brechas por sortear, pero hemos dado avances significativos como la reducci\u00f3n de la jornada laboral a 40 horas, la ley que obliga el pago a las pensiones alimenticias y esta reforma a las pensiones como hemos dicho es una reforma que tiene rostro de mujer, que reconoce especialmente la labor invisibilizada de las mujeres due\u00f1as de casa\u201d.<\/p>\n\n\n\n<p>Por su parte, Alejandra Ruiz, Seremi de la Mujer y Equidad de G\u00e9nero indic\u00f3 que estar presente en este acto fue un verdadero privilegio. \u201cHemos difundido las legislaciones que hoy d\u00eda ya son ley de la rep\u00fablica, como el pago efectivo del pago de pensiones de alimentos, la ley integral que busca prevenir, sancionar y erradicar la violencia contra las mujeres. Como bien dec\u00eda el delegado, la reforma de pensiones tiene rostro de mujer, que reconoce el trabajo dom\u00e9stico no remunerado, estas lagunas previsionales que tenemos las mujeres, son legislaciones importantes que ha aprobado nuestro pa\u00eds, pero tambi\u00e9n lo dijo el presidente de la rep\u00fablica este 8 de marzo, tenemos desaf\u00edos importantes, uno de ellos la participaci\u00f3n pol\u00edtica de las mujeres, necesitamos m\u00e1s mujeres en puestos de toma de decisi\u00f3n\u201d.<\/p>\n\n\n\n<p>La ceremonia tambi\u00e9n incluy\u00f3 un espacio para la exposici\u00f3n de stands de servicios p\u00fablicos y emprendimientos locales, reforzando el compromiso del Gobierno del presidente Gabriel Boric Font con el desarrollo de iniciativas que fomenten la autonom\u00eda y el empoderamiento de las mujeres en todos los \u00e1mbitos.<\/p>\n\n\n\n<p>Este acto simboliza el reconocimiento a mujeres valientes y luchadoras que, a trav\u00e9s de sus historias de vida, siguen inspirando a nuevas generaciones a continuar la lucha por la igualdad y el respeto hacia los derechos de las mujeres.<\/p>\n","protected":false},"excerpt":{"rendered":"<p>En el marco del cierre de las actividades conmemorativas del mes de la mujer, este viernes se llev\u00f3 a cabo una emotiva ceremonia de reconocimiento a tres mujeres destacadas de&#8230; <a class=\"read-more\" href=\"https:\/\/www.radiopresidenteibanez.cl\/web\/reconocimiento-a-mujeres-destacadas-en-la-ceremonia-de-cierre-del-8m-en-puerto-natales\/\">Leer m\u00e1s<\/a><\/p>\n","protected":false},"author":2,"featured_media":55360,"comment_status":"closed","ping_status":"closed","sticky":false,"template":"","format":"standard","meta":{"footnotes":""},"categories":[1],"tags":[],"class_list":["post-55359","post","type-post","status-publish","format-standard","has-post-thumbnail","hentry","category-cronica"],"_links":{"self":[{"href":"https:\/\/www.radiopresidenteibanez.cl\/web\/wp-json\/wp\/v2\/posts\/55359","targetHints":{"allow":["GET"]}}],"collection":[{"href":"https:\/\/www.radiopresidenteibanez.cl\/web\/wp-json\/wp\/v2\/posts"}],"about":[{"href":"https:\/\/www.radiopresidenteibanez.cl\/web\/wp-json\/wp\/v2\/types\/post"}],"author":[{"embeddable":true,"href":"https:\/\/www.radiopresidenteibanez.cl\/web\/wp-json\/wp\/v2\/users\/2"}],"replies":[{"embeddable":true,"href":"https:\/\/www.radiopresidenteibanez.cl\/web\/wp-json\/wp\/v2\/comments?post=55359"}],"version-history":[{"count":0,"href":"https:\/\/www.radiopresidenteibanez.cl\/web\/wp-json\/wp\/v2\/posts\/55359\/revisions"}],"wp:featuredmedia":[{"embeddable":true,"href":"https:\/\/www.radiopresidenteibanez.cl\/web\/wp-json\/wp\/v2\/media\/55360"}],"wp:attachment":[{"href":"https:\/\/www.radiopresidenteibanez.cl\/web\/wp-json\/wp\/v2\/media?parent=55359"}],"wp:term":[{"taxonomy":"category","embeddable":true,"href":"https:\/\/www.radiopresidenteibanez.cl\/web\/wp-json\/wp\/v2\/categories?post=55359"},{"taxonomy":"post_tag","embeddable":true,"href":"https:\/\/www.radiopresidenteibanez.cl\/web\/wp-json\/wp\/v2\/tags?post=55359"}],"curies":[{"name":"wp","href":"https:\/\/api.w.org\/{rel}","templated":true}]}}