{"id":5533,"date":"2019-07-03T19:23:06","date_gmt":"2019-07-03T19:23:06","guid":{"rendered":"http:\/\/www.radiopresidenteibanez.cl\/web\/?p=5533"},"modified":"2019-07-03T19:23:27","modified_gmt":"2019-07-03T19:23:27","slug":"tambien-sera-sentenciado-por-negarse-a-realizar-pruebas-para-determinar-su-estado-etilico-condenado-por-manejar-en-estado-de-ebriedad-y-sin-licencia","status":"publish","type":"post","link":"https:\/\/www.radiopresidenteibanez.cl\/web\/tambien-sera-sentenciado-por-negarse-a-realizar-pruebas-para-determinar-su-estado-etilico-condenado-por-manejar-en-estado-de-ebriedad-y-sin-licencia\/","title":{"rendered":"TAMBI\u00c9N SER\u00c1 SENTENCIADO POR NEGARSE A REALIZAR PRUEBAS PARA DETERMINAR SU ESTADO ET\u00cdLICO CONDENADO POR MANEJAR EN ESTADO DE EBRIEDAD Y SIN LICENCIA"},"content":{"rendered":"\n<p>Juan Antonio Gonz\u00e1lez\nLlancalahuen, fue condenado, hoy, como&nbsp;\nautor del delito consumado de conducci\u00f3n de veh\u00edculo motorizado en\nestado de ebriedad, con aumento de pena por no haber obtenido licencia de\nconducir, como tambi\u00e9n por el il\u00edcito de negarse a efectuar pruebas para\ndeterminar la presencia de alcohol en su cuerpo.<\/p>\n\n\n\n<p>Cabe indicar que el Fiscal, Sebasti\u00e1n Gonz\u00e1lez acredit\u00f3 en juicio que\nlos delitos fueron descubiertos el d\u00eda 25 de febrero de 2018, a las 00.05 horas\naproximadamente, gracias a un testigo que se comunic\u00f3 con Carabineros\nindic\u00e1ndole que un conductor en estado de ebriedad circulaba por calle El\nOvejero, logrando el personal policial darle alcance y controlando a Gonz\u00e1lez\nLlancalahuen, quien conduc\u00eda sin haber obtenido licencia de conducir, el\nveh\u00edculo PPU UH-8986, marca Hyundai Excel, con fuerte&nbsp; h\u00e1lito alcoh\u00f3lico,&nbsp; incoherencia al hablar e inestabilidad al\ncaminar, neg\u00e1ndose de manera injustificada a realizar cualquier tipo de pruebas\npara determinar la cantidad de alcohol en su sangre, la cual de todos modos fue\ndeterminada por el personal del Servicio Nacional para la Prevenci\u00f3n y\nRehabilitaci\u00f3n del Consumo de Drogas y Alcohol (Senda) que atendi\u00f3 al acusado.<\/p>\n\n\n\n<p>La audiencia de lectura del fallo se llevar\u00e1 a efecto el d\u00eda viernes 5 del presente mes, a las 12 horas.<\/p>\n\n\n\n<figure class=\"wp-block-image\"><img loading=\"lazy\" decoding=\"async\" width=\"1024\" height=\"683\" src=\"https:\/\/www.radiopresidenteibanez.cl\/web\/wp-content\/uploads\/2019\/07\/DSC_0508-1024x683.jpg\" alt=\"\" class=\"wp-image-5534\" srcset=\"https:\/\/www.radiopresidenteibanez.cl\/web\/wp-content\/uploads\/2019\/07\/DSC_0508-1024x683.jpg 1024w, https:\/\/www.radiopresidenteibanez.cl\/web\/wp-content\/uploads\/2019\/07\/DSC_0508-300x200.jpg 300w, https:\/\/www.radiopresidenteibanez.cl\/web\/wp-content\/uploads\/2019\/07\/DSC_0508-768x512.jpg 768w, https:\/\/www.radiopresidenteibanez.cl\/web\/wp-content\/uploads\/2019\/07\/DSC_0508.jpg 1349w\" sizes=\"auto, (max-width: 1024px) 100vw, 1024px\" \/><figcaption>????????????????????????????????????<\/figcaption><\/figure>\n","protected":false},"excerpt":{"rendered":"<p>Juan Antonio Gonz\u00e1lez Llancalahuen, fue condenado, hoy, como&nbsp; autor del delito consumado de conducci\u00f3n de veh\u00edculo motorizado en estado de ebriedad, con aumento de pena por no haber obtenido licencia&#8230; <a class=\"read-more\" href=\"https:\/\/www.radiopresidenteibanez.cl\/web\/tambien-sera-sentenciado-por-negarse-a-realizar-pruebas-para-determinar-su-estado-etilico-condenado-por-manejar-en-estado-de-ebriedad-y-sin-licencia\/\">Leer m\u00e1s<\/a><\/p>\n","protected":false},"author":2,"featured_media":5534,"comment_status":"closed","ping_status":"closed","sticky":false,"template":"","format":"standard","meta":{"footnotes":""},"categories":[6],"tags":[],"class_list":["post-5533","post","type-post","status-publish","format-standard","has-post-thumbnail","hentry","category-policial"],"_links":{"self":[{"href":"https:\/\/www.radiopresidenteibanez.cl\/web\/wp-json\/wp\/v2\/posts\/5533","targetHints":{"allow":["GET"]}}],"collection":[{"href":"https:\/\/www.radiopresidenteibanez.cl\/web\/wp-json\/wp\/v2\/posts"}],"about":[{"href":"https:\/\/www.radiopresidenteibanez.cl\/web\/wp-json\/wp\/v2\/types\/post"}],"author":[{"embeddable":true,"href":"https:\/\/www.radiopresidenteibanez.cl\/web\/wp-json\/wp\/v2\/users\/2"}],"replies":[{"embeddable":true,"href":"https:\/\/www.radiopresidenteibanez.cl\/web\/wp-json\/wp\/v2\/comments?post=5533"}],"version-history":[{"count":0,"href":"https:\/\/www.radiopresidenteibanez.cl\/web\/wp-json\/wp\/v2\/posts\/5533\/revisions"}],"wp:featuredmedia":[{"embeddable":true,"href":"https:\/\/www.radiopresidenteibanez.cl\/web\/wp-json\/wp\/v2\/media\/5534"}],"wp:attachment":[{"href":"https:\/\/www.radiopresidenteibanez.cl\/web\/wp-json\/wp\/v2\/media?parent=5533"}],"wp:term":[{"taxonomy":"category","embeddable":true,"href":"https:\/\/www.radiopresidenteibanez.cl\/web\/wp-json\/wp\/v2\/categories?post=5533"},{"taxonomy":"post_tag","embeddable":true,"href":"https:\/\/www.radiopresidenteibanez.cl\/web\/wp-json\/wp\/v2\/tags?post=5533"}],"curies":[{"name":"wp","href":"https:\/\/api.w.org\/{rel}","templated":true}]}}