{"id":55319,"date":"2025-03-28T17:15:00","date_gmt":"2025-03-28T20:15:00","guid":{"rendered":"https:\/\/www.radiopresidenteibanez.cl\/web\/?p=55319"},"modified":"2025-03-28T11:19:05","modified_gmt":"2025-03-28T14:19:05","slug":"51-de-avance-tienen-las-obras-de-mejoramiento-de-la-costanera-del-estrecho","status":"publish","type":"post","link":"https:\/\/www.radiopresidenteibanez.cl\/web\/51-de-avance-tienen-las-obras-de-mejoramiento-de-la-costanera-del-estrecho\/","title":{"rendered":"51% de avance tienen las obras de mejoramiento de la costanera del estrecho"},"content":{"rendered":"\n<p>En el marco del Plan Ciudades Justas del Ministerio de Vivienda y Urbanismo (Minvu), este jueves el director regional (s) del SERVIU,&nbsp;<strong>Omar Gonz\u00e1lez Asenjo<\/strong>, junto con el&nbsp;delegado presidencial regional de Magallanes,&nbsp;<strong>Jos\u00e9 Ruiz Pivcevic<\/strong>, y el vocero de Gobierno,&nbsp;<strong>Andro Mimica Guerrero<\/strong>, visitaron las obras del cuarto proyecto de mejoramiento del est\u00e1ndar urbano de la Costanera del Estrecho, en la comuna de Punta Arenas.<\/p>\n\n\n\n<p>Este proyecto, ubicado entre las calles Club H\u00edpico y Jos\u00e9 Velastegui, contempla la intervenci\u00f3n de m\u00e1s de 3.000m\u00b2 para convertirlos en un parque urbano con juegos infantiles de alto est\u00e1ndar, \u00e1reas verdes, ciclov\u00edas y espacios accesibles para toda la comunidad.<\/p>\n\n\n\n<p>\u201cEl parque est\u00e1 enfocado para las familias. Estamos generando un espacio de encuentro seguro, accesible y con altos est\u00e1ndares de calidad para el uso cotidiano de la comunidad, con \u00e1reas verdes, accesibilidad universal, iluminaci\u00f3n soterrada, mobiliario urbano, una cancha multideportiva con pasto sint\u00e9tico y siete juegos, de los cuales dos ya est\u00e1n instalados\u201d, explic\u00f3 el director regional (s) del SERVIU.<\/p>\n\n\n\n<p>Las obras presentan un 51 por ciento de avance y est\u00e1n a cargo de la empresa Constructora y Representaciones AES. \u201cEste proyecto considera una inversi\u00f3n que supera los 1.830 millones de pesos, financiados por el Minvu, y se espera que pueda ser entregada a la comunidad al cierre del primer semestre\u201d, agreg\u00f3 Omar Gonz\u00e1lez.<\/p>\n\n\n\n<p>Este proyecto, adem\u00e1s, incorpora medidas de seguridad vial que permiten ampliar la ruta accesible hacia el borde costero, pavimentos de hormig\u00f3n pigmentado, iluminaci\u00f3n eficiente, canalizaci\u00f3n subterr\u00e1nea, paisajismo con especies nativas como lupinos, retamos y ver\u00f3nicas, y mobiliario urbano como esca\u00f1os, basureros y jardineras.<\/p>\n\n\n\n<p><strong>M\u00e1s espacios p\u00fablicos<\/strong><strong><\/strong><\/p>\n\n\n\n<p>Este tramo corresponde a la&nbsp;<strong>cuarta etapa<\/strong>&nbsp;del proyecto de recuperaci\u00f3n integral de la Costanera del Estrecho, que desde 2018 ha significado una inversi\u00f3n total cercana a los 3 mil millones de pesos. Las etapas anteriores, ejecutadas en marzo y noviembre de 2023 en el sector poniente, incluyeron mejoras en \u00e1reas verdes, iluminaci\u00f3n ornamental, multicanchas, juegos inclusivos, pavimentos y cruces seguros.<\/p>\n\n\n\n<p>\u201cEsta importante obra se enmarca dentro de la l\u00ednea de proyectos del Plan Ciudades Justas y tiene que ver con el dotar de mejores espacios a la comuna y continuar haciendo mejoramientos urbanos en la Costanera del Estrecho, en este caso, hacia el sector poniente\u201d, coment\u00f3 el encargado de Desarrollo Urbano de la Seremi Minvu,&nbsp;<strong>Arturo Z\u00fa\u00f1iga Trujillo<\/strong>.<\/p>\n\n\n\n<p>\u201cComo gobierno estamos comprometidos en recuperar y generar nuevos espacios p\u00fablicos. Estamos convencidos de que, cuando hay m\u00e1s espacios p\u00fablicos, tambi\u00e9n hay m\u00e1s seguridad, y cuando la ciudadan\u00eda se vuelca a ocupar el espacio p\u00fablico, hay m\u00e1s cohesi\u00f3n, y ac\u00e1 en nuestra regi\u00f3n, a pesar de las inclemencias del clima, se ocupa el espacio p\u00fablico\u201d, valor\u00f3 el delegado provincial.<\/p>\n\n\n\n<p>El vocero de Gobierno destac\u00f3 que esta iniciativa forma parte de un compromiso m\u00e1s amplio con las poblaciones de la regi\u00f3n. \u201cQueremos que las familias tengan mejores espacios de vida y eso lo hacemos con inversi\u00f3n p\u00fablica, principalmente, a trav\u00e9s del Ministerio de Vivienda y Urbanismo, del Ministerio de Obras P\u00fablicas y, por supuesto, con los aportes que hace la Subdere para que los municipios puedan ir mejorando las condiciones de vida de las vecinas y vecinos de Magallanes\u201d, expres\u00f3 el seremi de Gobierno.<\/p>\n\n\n\n<figure class=\"wp-block-table\"><table class=\"has-fixed-layout\"><tbody><tr><td><\/td><\/tr><\/tbody><\/table><\/figure>\n","protected":false},"excerpt":{"rendered":"<p>En el marco del Plan Ciudades Justas del Ministerio de Vivienda y Urbanismo (Minvu), este jueves el director regional (s) del SERVIU,&nbsp;Omar Gonz\u00e1lez Asenjo, junto con el&nbsp;delegado presidencial regional de&#8230; <a class=\"read-more\" href=\"https:\/\/www.radiopresidenteibanez.cl\/web\/51-de-avance-tienen-las-obras-de-mejoramiento-de-la-costanera-del-estrecho\/\">Leer m\u00e1s<\/a><\/p>\n","protected":false},"author":2,"featured_media":55320,"comment_status":"closed","ping_status":"closed","sticky":false,"template":"","format":"standard","meta":{"footnotes":""},"categories":[1],"tags":[],"class_list":["post-55319","post","type-post","status-publish","format-standard","has-post-thumbnail","hentry","category-cronica"],"_links":{"self":[{"href":"https:\/\/www.radiopresidenteibanez.cl\/web\/wp-json\/wp\/v2\/posts\/55319","targetHints":{"allow":["GET"]}}],"collection":[{"href":"https:\/\/www.radiopresidenteibanez.cl\/web\/wp-json\/wp\/v2\/posts"}],"about":[{"href":"https:\/\/www.radiopresidenteibanez.cl\/web\/wp-json\/wp\/v2\/types\/post"}],"author":[{"embeddable":true,"href":"https:\/\/www.radiopresidenteibanez.cl\/web\/wp-json\/wp\/v2\/users\/2"}],"replies":[{"embeddable":true,"href":"https:\/\/www.radiopresidenteibanez.cl\/web\/wp-json\/wp\/v2\/comments?post=55319"}],"version-history":[{"count":0,"href":"https:\/\/www.radiopresidenteibanez.cl\/web\/wp-json\/wp\/v2\/posts\/55319\/revisions"}],"wp:featuredmedia":[{"embeddable":true,"href":"https:\/\/www.radiopresidenteibanez.cl\/web\/wp-json\/wp\/v2\/media\/55320"}],"wp:attachment":[{"href":"https:\/\/www.radiopresidenteibanez.cl\/web\/wp-json\/wp\/v2\/media?parent=55319"}],"wp:term":[{"taxonomy":"category","embeddable":true,"href":"https:\/\/www.radiopresidenteibanez.cl\/web\/wp-json\/wp\/v2\/categories?post=55319"},{"taxonomy":"post_tag","embeddable":true,"href":"https:\/\/www.radiopresidenteibanez.cl\/web\/wp-json\/wp\/v2\/tags?post=55319"}],"curies":[{"name":"wp","href":"https:\/\/api.w.org\/{rel}","templated":true}]}}