{"id":55307,"date":"2025-03-28T11:49:00","date_gmt":"2025-03-28T14:49:00","guid":{"rendered":"https:\/\/www.radiopresidenteibanez.cl\/web\/?p=55307"},"modified":"2025-03-28T10:57:29","modified_gmt":"2025-03-28T13:57:29","slug":"primeros-resultados-del-censo-2024-166-537-personas-fueron-censadas-en-la-region-de-magallanes","status":"publish","type":"post","link":"https:\/\/www.radiopresidenteibanez.cl\/web\/primeros-resultados-del-censo-2024-166-537-personas-fueron-censadas-en-la-region-de-magallanes\/","title":{"rendered":"Primeros resultados del Censo 2024: 166.537 personas fueron censadas en la region de Magallanes"},"content":{"rendered":"\n<p>Durante el Censo de Poblaci\u00f3n y Vivienda que se efectu\u00f3 entre marzo y julio de 2024 fueron<br>censadas un total de 166.537 personas en la Regi\u00f3n de Magallanes, de las cuales 50,5% son<br>mujeres y 49,5% son hombres. As\u00ed lo inform\u00f3 durante esta tarde el director regional del Instituto<br>Nacional de Estad\u00edsticas (INE), Zalo L\u00f3pez.<\/p>\n\n\n\n<p>La regi\u00f3n mantiene su poblaci\u00f3n censada desde el Censo 2017, y representa un 0,9% de la<br>poblaci\u00f3n censada a nivel nacional, siendo la segunda regi\u00f3n m\u00e1s peque\u00f1a del pa\u00eds, despu\u00e9s de<br>Ays\u00e9n.<\/p>\n\n\n\n<p>Dentro de la regi\u00f3n, las comunas que concentran la mayor cantidad de poblaci\u00f3n son Punta<br>Arenas, con un 79,5% del total regional, y Natales, con un 14,5%.<\/p>\n\n\n\n<p>Envejecimiento de la poblaci\u00f3n<br>Las cifras presentadas muestran que, al igual que a nivel nacional, la poblaci\u00f3n de la Regi\u00f3n de<br>Magallanes presenta un avance en el envejecimiento. Al comparar con censos anteriores se<br>observa un aumento de la proporci\u00f3n de personas de 65 a\u00f1os o m\u00e1s, que alcanz\u00f3 el 14,5% en el<br>Censo 2024, mientras que en 1992 fue 6,3% (7,9% en 2002 y 11,6% en 2017). Al mismo tiempo, se<br>aprecia una disminuci\u00f3n del porcentaje de personas con 14 a\u00f1os o menos, al pasar de 27,6% en<br>1992 a 16,7% en 2024 (23,5% en 2002 y 18,6% en 2017).<\/p>\n\n\n\n<p>De esta manera, los datos indican que la regi\u00f3n mantiene la tendencia al alza en el \u00cdndice de<br>Envejecimiento (cantidad de personas de 65 a\u00f1os o m\u00e1s por cada 100 personas de 14 a\u00f1os o<br>menos). Mientras en 1992 hab\u00eda 22,9 personas de 65 a\u00f1os o m\u00e1s por cada 100 personas de 14<br>a\u00f1os o menos, en 2024 esa cifra aumenta a 87,1. Este \u00edndice es mayor al observado a nivel pa\u00eds<br>(79), siendo la cuarta regi\u00f3n con mayor \u00edndice de envejecimiento a nivel nacional.<\/p>\n\n\n\n<p>Las comunas con los \u00edndices de envejecimiento m\u00e1s alto en la regi\u00f3n son Rio Verde (283,3) y<br>Laguna Blanca (142,9). En tanto, las comunas con los \u00edndices m\u00e1s bajos son Cabo de Hornos (21,5)<br>y Timaukel (40,7).<\/p>\n\n\n\n<p>Viviendas y hogares censados<br>En el Censo 2024 se censaron 76.607 viviendas a nivel regional, n\u00famero que representa un<br>crecimiento de 17% respecto al n\u00famero registrado en el Censo de 2017. Las viviendas censadas en<br>la regi\u00f3n representan un 1% del total censado a nivel nacional. Del total de viviendas censadas en<br>2024, un 99,8% correspondi\u00f3 a viviendas particulares y un 0,2%, a viviendas colectivas.<\/p>\n\n\n\n<p>En sinton\u00eda con lo anterior, el n\u00famero de hogares en la regi\u00f3n lleg\u00f3 a 63.062, lo que tambi\u00e9n<br>equivale a un incremento respecto del Censo 2017, cuando se contabilizaron 53.832 hogares,<br>mientras que en 1992 esta cifra fue 38.037.<\/p>\n\n\n\n<p>El promedio de personas por hogar en la regi\u00f3n ha continuado disminuyendo, pasando de 3,5<br>personas por hogar en 1992 a 2,6 personas por hogar en 2024 (3,3 en 2002 y 2,9 en 2017). La<br>cantidad de personas por hogar en la regi\u00f3n es comparativamente m\u00e1s baja con la observada a<br>nivel nacional (2,8).<\/p>\n\n\n\n<p>Al igual que a nivel pa\u00eds, respecto a la composici\u00f3n de los hogares, se observa un aumento en el<br>porcentaje de hogares conformados solo por personas de 65 a\u00f1os o m\u00e1s en la regi\u00f3n. En 1992 esta cifra alcanzaba un 4,3% y se incrementa a 11,6% el a\u00f1o 2024. Por otro lado, desciende el<br>porcentaje de hogares con al menos una persona de 14 a\u00f1os o menos, al pasar de 58,9% en 1992 a 31,2% en 2024 (50,2% en 2002 y 38,3% en 2017).<\/p>\n\n\n\n<p>Censo en L\u00ednea&nbsp;<br>Una de las innovaciones de este censo fue el uso de tecnolog\u00eda. El 90,8% de la poblaci\u00f3n censada<br>en la regi\u00f3n lo hizo a trav\u00e9s de una entrevista presencial por medio de un dispositivo m\u00f3vil y el<br>9,1% lo hizo accediendo al Censo en L\u00ednea. A nivel nacional, esta \u00faltima cifra alcanza un 6,2%, lo<br>que ubica a la regi\u00f3n dentro de las con mayor porcentaje de personas censadas por esta<br>modalidad.<br>&nbsp;<br>Los resultados completos de esta primera entrega estar\u00e1n disponibles en www.censo2024.cl<\/p>\n","protected":false},"excerpt":{"rendered":"<p>Durante el Censo de Poblaci\u00f3n y Vivienda que se efectu\u00f3 entre marzo y julio de 2024 fueroncensadas un total de 166.537 personas en la Regi\u00f3n de Magallanes, de las cuales&#8230; <a class=\"read-more\" href=\"https:\/\/www.radiopresidenteibanez.cl\/web\/primeros-resultados-del-censo-2024-166-537-personas-fueron-censadas-en-la-region-de-magallanes\/\">Leer m\u00e1s<\/a><\/p>\n","protected":false},"author":2,"featured_media":55308,"comment_status":"closed","ping_status":"closed","sticky":false,"template":"","format":"standard","meta":{"footnotes":""},"categories":[1],"tags":[],"class_list":["post-55307","post","type-post","status-publish","format-standard","has-post-thumbnail","hentry","category-cronica"],"_links":{"self":[{"href":"https:\/\/www.radiopresidenteibanez.cl\/web\/wp-json\/wp\/v2\/posts\/55307","targetHints":{"allow":["GET"]}}],"collection":[{"href":"https:\/\/www.radiopresidenteibanez.cl\/web\/wp-json\/wp\/v2\/posts"}],"about":[{"href":"https:\/\/www.radiopresidenteibanez.cl\/web\/wp-json\/wp\/v2\/types\/post"}],"author":[{"embeddable":true,"href":"https:\/\/www.radiopresidenteibanez.cl\/web\/wp-json\/wp\/v2\/users\/2"}],"replies":[{"embeddable":true,"href":"https:\/\/www.radiopresidenteibanez.cl\/web\/wp-json\/wp\/v2\/comments?post=55307"}],"version-history":[{"count":0,"href":"https:\/\/www.radiopresidenteibanez.cl\/web\/wp-json\/wp\/v2\/posts\/55307\/revisions"}],"wp:featuredmedia":[{"embeddable":true,"href":"https:\/\/www.radiopresidenteibanez.cl\/web\/wp-json\/wp\/v2\/media\/55308"}],"wp:attachment":[{"href":"https:\/\/www.radiopresidenteibanez.cl\/web\/wp-json\/wp\/v2\/media?parent=55307"}],"wp:term":[{"taxonomy":"category","embeddable":true,"href":"https:\/\/www.radiopresidenteibanez.cl\/web\/wp-json\/wp\/v2\/categories?post=55307"},{"taxonomy":"post_tag","embeddable":true,"href":"https:\/\/www.radiopresidenteibanez.cl\/web\/wp-json\/wp\/v2\/tags?post=55307"}],"curies":[{"name":"wp","href":"https:\/\/api.w.org\/{rel}","templated":true}]}}