{"id":55301,"date":"2025-03-28T09:41:30","date_gmt":"2025-03-28T12:41:30","guid":{"rendered":"https:\/\/www.radiopresidenteibanez.cl\/web\/?p=55301"},"modified":"2025-03-28T09:41:36","modified_gmt":"2025-03-28T12:41:36","slug":"recicladores-de-base-mas-australes-del-pais-reciben-su-certificado-de-chilevalora","status":"publish","type":"post","link":"https:\/\/www.radiopresidenteibanez.cl\/web\/recicladores-de-base-mas-australes-del-pais-reciben-su-certificado-de-chilevalora\/","title":{"rendered":"Recicladores de base m\u00e1s australes del pa\u00eds reciben su certificado de Chilevalora"},"content":{"rendered":"\n<p>En una ceremonia oficial que cont\u00f3 con la presencia de la ministra de Medio Ambiente, Maisa Rojas Corradi, se concret\u00f3 la entrega oficial de sus correspondientes certificados de competencias laborales validados por ChileValora, a siete nuevas y nuevos recicladores de base, los m\u00e1s australes del pa\u00eds, seg\u00fan destacaron las autoridades.<br>Se trata de: Isabo Arce Montoya, Iv\u00e1n Oyarzo Estay, Juan Ignacio C\u00e1rdenas Oyarzo, Leeroy<br>Astudillo Ortega, Makarena Barr\u00eda Ruiz, Rosa Arce Montoya y Valentina Uribe Almonacid. Cuatro<br>mujeres y tres hombres, trabajadoras y trabajadores magall\u00e1nicos que se suman a los flamantes<br>recicladores certificados durante el pasado a\u00f1o 2024.<br>Al respecto, la Delegada Presidencial de la provincia Ant\u00e1rtica, Constanza Calisto Gallardo, destac\u00f3<br>que \u201ces muy importante que siete vecinos y vecinas de nuestra comuna hayan sido reconocidos a<br>trav\u00e9s de este programa de Chile Valora, donde los trabajadores pueden certificar aquellos<br>trabajos que por a\u00f1os han realizado y esto termina siendo una herramienta clave para su<br>desarrollo personal\u201d.<br>La Seremi del Trabajo, Doris Sandoval Miranda, valor\u00f3 que las cuatro mujeres que hoy reciben esta<br>distinci\u00f3n se suman a las primeras tres recicladoras de base certificadas en la regi\u00f3n, con lo que se<br>completa un total de siete.<br>\u201cSeguimos desarrollando acciones en el marco de las actividades del mes de conmemoraci\u00f3n del<br>D\u00eda Internacional de la Mujer y esta es, para nosotros como gobierno, una de las actividades m\u00e1s<br>relevantes, pues constituye el t\u00e9rmino exitoso de un proceso colaborativo de trabajo que ha<br>permitido que hoy siete recicladores y recicladoras de base tengan su certificado y, dentro de ese<br>grupo, nos enorgullece tener a cuatro nuevas recicladoras que se incorporan a un rubro<br>hist\u00f3ricamente masculinizado, pero que hoy ya cuenta con siete mujeres certificadas en nuestra<br>regi\u00f3n\u201d, recalc\u00f3.<br>Una de las mujeres distinguidas en esta oportunidad, Rosa Arce, relat\u00f3 c\u00f3mo esta labor ha<br>impactado en su vida, tanto en el \u00e1mbito profesional como personal. \u201cEn mi vida laboral, el<br>reciclaje me ha ense\u00f1ado la importancia de mantener un entorno limpio y libre de contaminaci\u00f3n,<br>tambi\u00e9n la importancia de reducir y reutilizar. Esto ha tenido un impacto significativo, no solo en el<br>entorno, sino que tambi\u00e9n en mi vida personal, permiti\u00e9ndome desarrollar habilidades<br>innovadoras, reutilizando y dando una mejor utilidad a diferentes materiales\u201d.<\/p>\n\n\n\n<p>\u201cPertenecer al programa de gesti\u00f3n ambiental, apoyo al aseo y ornato de la Municipalidad de<br>Cabo de Hornos, ha sido una parte fundamental en mi vida, logrando ser m\u00e1s consciente y<br>creando nuevos h\u00e1bitos, llegando a contribuir a la protecci\u00f3n del medio ambiente y la<br>conservaci\u00f3n de recursos naturales. El reciclaje ha sido una herramienta poderosa en mi vida, me<br>ha ense\u00f1ado a ser m\u00e1s eficiente, responsable y sostenible, aportando en un impacto positivo en<br>mi experiencia laboral\u201d, a\u00f1adi\u00f3 la feliz trabajadora.<br>Por su parte, la coordinadora regional de ChileValora, Marilyn C\u00e1rdenas Gonz\u00e1lez, se\u00f1al\u00f3 que<br>\u201cestamos muy orgullosos del trabajo que est\u00e1n realizando en la Ilustre Municipalidad de Cabo de<br>Hornos mediante sus funcionarios municipales en las \u00e1reas de reciclaje. La certificaci\u00f3n de<br>ChileValora es el reconocimiento que otorga el Estado de Chile a la valiosa labor que realizan los<br>funcionarios del \u00e1rea de medio ambiente y que sin duda contribuye a que las localidades puedan<br>avanzan en formalizaci\u00f3n, pero tambi\u00e9n en que se generen rutas de econom\u00eda circular dentro de<br>los mismos territorios\u201d.<br>En esta misma l\u00ednea, el alcalde de Cabo de Hornos, Patricio Fern\u00e1ndez Alarc\u00f3n, valor\u00f3 el paso<br>fundamental que significa esta certificaci\u00f3n ya que fortalece el trabajo que realizan las y los<br>funcionarios del municipio en el \u00e1mbito del reciclaje. \u201cEste reconocimiento no solo destaca su<br>compromiso y esfuerzo diario, sino que tambi\u00e9n refuerza la importancia de impulsar la econom\u00eda<br>circular en nuestra comuna. Como municipio, seguimos avanzando con una visi\u00f3n clara hacia la<br>protecci\u00f3n del medio ambiente, promoviendo iniciativas que contribuyan a la gesti\u00f3n sustentable<br>de los residuos y al desarrollo de una comunidad m\u00e1s consciente y responsable con su entorno.<br>Hoy, contamos con diversos programas de reciclaje donde vemos a la comunidad participar con<br>mucho entusiasmo y eso nos motiva a seguir potenciando esta \u00e1rea\u201d, se\u00f1al\u00f3.<br>Con esta ceremonia se concluye exitosamente este c\u00edrculo virtuoso de coordinaci\u00f3n intersectorial<br>entre ChileValora, Fundaci\u00f3n Emplea, Cempre, CCU, la Municipalidad de Cabo de Hornos y el<br>centro acreditado Jes&amp;Dor que desarroll\u00f3 el proceso de evaluaci\u00f3n y certificaci\u00f3n.<\/p>\n","protected":false},"excerpt":{"rendered":"<p>En una ceremonia oficial que cont\u00f3 con la presencia de la ministra de Medio Ambiente, Maisa Rojas Corradi, se concret\u00f3 la entrega oficial de sus correspondientes certificados de competencias laborales&#8230; <a class=\"read-more\" href=\"https:\/\/www.radiopresidenteibanez.cl\/web\/recicladores-de-base-mas-australes-del-pais-reciben-su-certificado-de-chilevalora\/\">Leer m\u00e1s<\/a><\/p>\n","protected":false},"author":2,"featured_media":55302,"comment_status":"closed","ping_status":"closed","sticky":false,"template":"","format":"standard","meta":{"footnotes":""},"categories":[1],"tags":[],"class_list":["post-55301","post","type-post","status-publish","format-standard","has-post-thumbnail","hentry","category-cronica"],"_links":{"self":[{"href":"https:\/\/www.radiopresidenteibanez.cl\/web\/wp-json\/wp\/v2\/posts\/55301","targetHints":{"allow":["GET"]}}],"collection":[{"href":"https:\/\/www.radiopresidenteibanez.cl\/web\/wp-json\/wp\/v2\/posts"}],"about":[{"href":"https:\/\/www.radiopresidenteibanez.cl\/web\/wp-json\/wp\/v2\/types\/post"}],"author":[{"embeddable":true,"href":"https:\/\/www.radiopresidenteibanez.cl\/web\/wp-json\/wp\/v2\/users\/2"}],"replies":[{"embeddable":true,"href":"https:\/\/www.radiopresidenteibanez.cl\/web\/wp-json\/wp\/v2\/comments?post=55301"}],"version-history":[{"count":0,"href":"https:\/\/www.radiopresidenteibanez.cl\/web\/wp-json\/wp\/v2\/posts\/55301\/revisions"}],"wp:featuredmedia":[{"embeddable":true,"href":"https:\/\/www.radiopresidenteibanez.cl\/web\/wp-json\/wp\/v2\/media\/55302"}],"wp:attachment":[{"href":"https:\/\/www.radiopresidenteibanez.cl\/web\/wp-json\/wp\/v2\/media?parent=55301"}],"wp:term":[{"taxonomy":"category","embeddable":true,"href":"https:\/\/www.radiopresidenteibanez.cl\/web\/wp-json\/wp\/v2\/categories?post=55301"},{"taxonomy":"post_tag","embeddable":true,"href":"https:\/\/www.radiopresidenteibanez.cl\/web\/wp-json\/wp\/v2\/tags?post=55301"}],"curies":[{"name":"wp","href":"https:\/\/api.w.org\/{rel}","templated":true}]}}