{"id":5530,"date":"2019-07-03T19:16:26","date_gmt":"2019-07-03T19:16:26","guid":{"rendered":"http:\/\/www.radiopresidenteibanez.cl\/web\/?p=5530"},"modified":"2019-07-03T19:16:51","modified_gmt":"2019-07-03T19:16:51","slug":"ultraport-lanza-primera-version-del-programa-crece-experiencia-en-desarrollo-en-punta-arenas","status":"publish","type":"post","link":"https:\/\/www.radiopresidenteibanez.cl\/web\/ultraport-lanza-primera-version-del-programa-crece-experiencia-en-desarrollo-en-punta-arenas\/","title":{"rendered":"ULTRAPORT LANZA PRIMERA VERSI\u00d3N DEL PROGRAMA \u201cCRECE: EXPERIENCIA EN DESARROLLO\u201d EN PUNTA ARENAS"},"content":{"rendered":"\n<p>Ultraport realiz\u00f3 el lanzamiento de la primera versi\u00f3n de su Programa \u201cCrece: Experiencia en Desarrollo\u201d en la sucursal de Punta Arenas, iniciativa que tiene por objetivo reforzar los conocimientos de sus colaboradores, certificando la experiencia que han adquirido a trav\u00e9s de los a\u00f1os.<\/p>\n\n\n\n<p>El programa, que se ejecuta a trav\u00e9s de una alianza estrat\u00e9gica con la Universidad Tecnol\u00f3gica de Chile (INACAP), capacitar\u00e1 durante 2 meses a 19 colaboradores que realizan la funci\u00f3n de operaci\u00f3n de tracto cami\u00f3n, para entregarles importantes herramientas para su crecimiento personal y profesional.<\/p>\n\n\n\n<p>A trav\u00e9s de esta iniciativa la compa\u00f1\u00eda busca expandir entre sus colaboradores conocimientos sobre diversas tem\u00e1ticas relevantes para que el desarrollo de las operaciones portuarias se lleve a cabo de forma segura, poniendo siempre la vida al centro del negocio.<\/p>\n\n\n\n<p>As\u00ed, en esta oportunidad, los participantes revisar\u00e1n los riesgos cr\u00edticos presentes en las operaciones, poniendo especial \u00e9nfasis en los temas relevantes para potenciar la Cultura de Excelencia en Seguridad que caracteriza a la compa\u00f1\u00eda. Los colaboradores estar\u00e1n acompa\u00f1ados por relatores del Centro de Formaci\u00f3n Interno (CFI) de Ultraport, quienes gracias a su experiencia y liderazgo son seleccionados para realizar esta actividad.<\/p>\n\n\n\n<p>Asimismo, un equipo de profesionales de INACAP se encargar\u00e1 de entregar conocimientos sobre manejo de equipos, comunicaci\u00f3n efectiva y liderazgo, adem\u00e1s de revisar diversas tem\u00e1ticas para reforzar los procesos de mantenimiento, siendo esta etapa parte relevante para obtener su especialidad.<\/p>\n\n\n\n<p>Durante el lanzamiento, Nelson Ojeda, gerente de Ultraport Punta Arenas, coment\u00f3 que \u201cpara nuestra compa\u00f1\u00eda es de vital importancia capacitar constantemente a nuestros colaboradores, ya que de esta forma no s\u00f3lo potenciamos su desarrollo profesional, sino que tambi\u00e9n fomentamos nuestra cultura basada en la excelencia en seguridad dentro de las operaciones\u201d.&nbsp;<\/p>\n\n\n\n<p>Por su parte, John Tala, gerente de HSE, Formaci\u00f3n y Entrenamiento de Ultraport, asegur\u00f3 que \u201cesperamos que los miembros de nuestra sucursal puedan ver el fruto de este reforzamiento en sus labores diarias, estando m\u00e1s preparados al enfrentar los diversos desaf\u00edos que se presenten y llevando adelante las operaciones siempre de forma segura, comprometida y eficiente\u201d.<\/p>\n\n\n\n<p>Cabe destacar que esta iniciativa, que se ejecuta a trav\u00e9s de una alianza estrat\u00e9gica con INACAP desde el a\u00f1o 2016, se realiza en las sucursales de Arica, Angamos, Mejillones, Coquimbo y Valpara\u00edso con el objetivo de entregarle a los colaboradores importantes herramientas t\u00e9cnicas que aporten a su desarrollo profesional.<\/p>\n\n\n\n<figure class=\"wp-block-image\"><img loading=\"lazy\" decoding=\"async\" width=\"1024\" height=\"498\" src=\"https:\/\/www.radiopresidenteibanez.cl\/web\/wp-content\/uploads\/2019\/07\/WhatsApp-Image-2019-07-03-at-09.01.06-1024x498.jpeg\" alt=\"\" class=\"wp-image-5531\" srcset=\"https:\/\/www.radiopresidenteibanez.cl\/web\/wp-content\/uploads\/2019\/07\/WhatsApp-Image-2019-07-03-at-09.01.06-1024x498.jpeg 1024w, https:\/\/www.radiopresidenteibanez.cl\/web\/wp-content\/uploads\/2019\/07\/WhatsApp-Image-2019-07-03-at-09.01.06-300x146.jpeg 300w, https:\/\/www.radiopresidenteibanez.cl\/web\/wp-content\/uploads\/2019\/07\/WhatsApp-Image-2019-07-03-at-09.01.06-768x373.jpeg 768w, https:\/\/www.radiopresidenteibanez.cl\/web\/wp-content\/uploads\/2019\/07\/WhatsApp-Image-2019-07-03-at-09.01.06.jpeg 1280w\" sizes=\"auto, (max-width: 1024px) 100vw, 1024px\" \/><\/figure>\n","protected":false},"excerpt":{"rendered":"<p>Ultraport realiz\u00f3 el lanzamiento de la primera versi\u00f3n de su Programa \u201cCrece: Experiencia en Desarrollo\u201d en la sucursal de Punta Arenas, iniciativa que tiene por objetivo reforzar los conocimientos de&#8230; <a class=\"read-more\" href=\"https:\/\/www.radiopresidenteibanez.cl\/web\/ultraport-lanza-primera-version-del-programa-crece-experiencia-en-desarrollo-en-punta-arenas\/\">Leer m\u00e1s<\/a><\/p>\n","protected":false},"author":2,"featured_media":5531,"comment_status":"closed","ping_status":"closed","sticky":false,"template":"","format":"standard","meta":{"footnotes":""},"categories":[1],"tags":[],"class_list":["post-5530","post","type-post","status-publish","format-standard","has-post-thumbnail","hentry","category-cronica"],"_links":{"self":[{"href":"https:\/\/www.radiopresidenteibanez.cl\/web\/wp-json\/wp\/v2\/posts\/5530","targetHints":{"allow":["GET"]}}],"collection":[{"href":"https:\/\/www.radiopresidenteibanez.cl\/web\/wp-json\/wp\/v2\/posts"}],"about":[{"href":"https:\/\/www.radiopresidenteibanez.cl\/web\/wp-json\/wp\/v2\/types\/post"}],"author":[{"embeddable":true,"href":"https:\/\/www.radiopresidenteibanez.cl\/web\/wp-json\/wp\/v2\/users\/2"}],"replies":[{"embeddable":true,"href":"https:\/\/www.radiopresidenteibanez.cl\/web\/wp-json\/wp\/v2\/comments?post=5530"}],"version-history":[{"count":0,"href":"https:\/\/www.radiopresidenteibanez.cl\/web\/wp-json\/wp\/v2\/posts\/5530\/revisions"}],"wp:featuredmedia":[{"embeddable":true,"href":"https:\/\/www.radiopresidenteibanez.cl\/web\/wp-json\/wp\/v2\/media\/5531"}],"wp:attachment":[{"href":"https:\/\/www.radiopresidenteibanez.cl\/web\/wp-json\/wp\/v2\/media?parent=5530"}],"wp:term":[{"taxonomy":"category","embeddable":true,"href":"https:\/\/www.radiopresidenteibanez.cl\/web\/wp-json\/wp\/v2\/categories?post=5530"},{"taxonomy":"post_tag","embeddable":true,"href":"https:\/\/www.radiopresidenteibanez.cl\/web\/wp-json\/wp\/v2\/tags?post=5530"}],"curies":[{"name":"wp","href":"https:\/\/api.w.org\/{rel}","templated":true}]}}