{"id":5527,"date":"2019-07-03T19:11:12","date_gmt":"2019-07-03T19:11:12","guid":{"rendered":"http:\/\/www.radiopresidenteibanez.cl\/web\/?p=5527"},"modified":"2019-07-03T19:11:57","modified_gmt":"2019-07-03T19:11:57","slug":"brigada-de-delitos-sexuales-de-la-policia-de-investigaciones-realizo-exposicion-a-padres-y-apoderados-del-jardin-infantil-nido-azul-de-la-iva-brigada-aerea","status":"publish","type":"post","link":"https:\/\/www.radiopresidenteibanez.cl\/web\/brigada-de-delitos-sexuales-de-la-policia-de-investigaciones-realizo-exposicion-a-padres-y-apoderados-del-jardin-infantil-nido-azul-de-la-iva-brigada-aerea\/","title":{"rendered":"BRIGADA DE DELITOS SEXUALES DE LA POLIC\u00cdA DE INVESTIGACIONES REALIZ\u00d3 EXPOSICI\u00d3N A PADRES Y APODERADOS DEL JARD\u00cdN INFANTIL NIDO AZUL DE LA IVa BRIGADA A\u00c9REA"},"content":{"rendered":"\n<p>En el jard\u00edn infantil Nido\nAzul de la IV<sup>a<\/sup> Brigada A\u00e9rea, personal de la Brigada de Delitos\nSexuales de la Polic\u00eda de Investigaciones se reuni\u00f3 con padres y apoderados de\neste establecimiento educacional a objeto de exponer el tema prevenci\u00f3n de\nabuso sexual en los ni\u00f1os.<\/p>\n\n\n\n<p>En ese contexto, la\nSubinspector B\u00e1rbara Parga, se\u00f1al\u00f3 que el abuso sexual se transforma en una\nexperiencia traum\u00e1tica en la que el ni\u00f1o o ni\u00f1a lo vive como un atentado contra\nsu integridad f\u00edsica y sicol\u00f3gica, lo que conlleva a una afectaci\u00f3n de su\ndesarrollo emocional.<\/p>\n\n\n\n<p>La profesional hizo especial \u00e9nfasis en que los padres deben estar muy atento a los indicadores de victimizaci\u00f3n que puedan presentar los ni\u00f1os y que podr\u00edan se\u00f1alar la presencia de alg\u00fan abuso, destacando entre ellos el miedo o rechazo repentino hacia una persona, la irritabilidad o el que no pueda controlar los esf\u00ednteres.<\/p>\n\n\n\n<figure class=\"wp-block-image\"><img loading=\"lazy\" decoding=\"async\" width=\"1024\" height=\"768\" src=\"https:\/\/www.radiopresidenteibanez.cl\/web\/wp-content\/uploads\/2019\/07\/1-1024x768.jpeg\" alt=\"\" class=\"wp-image-5528\" srcset=\"https:\/\/www.radiopresidenteibanez.cl\/web\/wp-content\/uploads\/2019\/07\/1-1024x768.jpeg 1024w, https:\/\/www.radiopresidenteibanez.cl\/web\/wp-content\/uploads\/2019\/07\/1-300x225.jpeg 300w, https:\/\/www.radiopresidenteibanez.cl\/web\/wp-content\/uploads\/2019\/07\/1-768x576.jpeg 768w, https:\/\/www.radiopresidenteibanez.cl\/web\/wp-content\/uploads\/2019\/07\/1.jpeg 1280w\" sizes=\"auto, (max-width: 1024px) 100vw, 1024px\" \/><\/figure>\n","protected":false},"excerpt":{"rendered":"<p>En el jard\u00edn infantil Nido Azul de la IVa Brigada A\u00e9rea, personal de la Brigada de Delitos Sexuales de la Polic\u00eda de Investigaciones se reuni\u00f3 con padres y apoderados de&#8230; <a class=\"read-more\" href=\"https:\/\/www.radiopresidenteibanez.cl\/web\/brigada-de-delitos-sexuales-de-la-policia-de-investigaciones-realizo-exposicion-a-padres-y-apoderados-del-jardin-infantil-nido-azul-de-la-iva-brigada-aerea\/\">Leer m\u00e1s<\/a><\/p>\n","protected":false},"author":2,"featured_media":5528,"comment_status":"closed","ping_status":"closed","sticky":false,"template":"","format":"standard","meta":{"footnotes":""},"categories":[1],"tags":[],"class_list":["post-5527","post","type-post","status-publish","format-standard","has-post-thumbnail","hentry","category-cronica"],"_links":{"self":[{"href":"https:\/\/www.radiopresidenteibanez.cl\/web\/wp-json\/wp\/v2\/posts\/5527","targetHints":{"allow":["GET"]}}],"collection":[{"href":"https:\/\/www.radiopresidenteibanez.cl\/web\/wp-json\/wp\/v2\/posts"}],"about":[{"href":"https:\/\/www.radiopresidenteibanez.cl\/web\/wp-json\/wp\/v2\/types\/post"}],"author":[{"embeddable":true,"href":"https:\/\/www.radiopresidenteibanez.cl\/web\/wp-json\/wp\/v2\/users\/2"}],"replies":[{"embeddable":true,"href":"https:\/\/www.radiopresidenteibanez.cl\/web\/wp-json\/wp\/v2\/comments?post=5527"}],"version-history":[{"count":0,"href":"https:\/\/www.radiopresidenteibanez.cl\/web\/wp-json\/wp\/v2\/posts\/5527\/revisions"}],"wp:featuredmedia":[{"embeddable":true,"href":"https:\/\/www.radiopresidenteibanez.cl\/web\/wp-json\/wp\/v2\/media\/5528"}],"wp:attachment":[{"href":"https:\/\/www.radiopresidenteibanez.cl\/web\/wp-json\/wp\/v2\/media?parent=5527"}],"wp:term":[{"taxonomy":"category","embeddable":true,"href":"https:\/\/www.radiopresidenteibanez.cl\/web\/wp-json\/wp\/v2\/categories?post=5527"},{"taxonomy":"post_tag","embeddable":true,"href":"https:\/\/www.radiopresidenteibanez.cl\/web\/wp-json\/wp\/v2\/tags?post=5527"}],"curies":[{"name":"wp","href":"https:\/\/api.w.org\/{rel}","templated":true}]}}