{"id":55269,"date":"2025-03-27T08:53:16","date_gmt":"2025-03-27T11:53:16","guid":{"rendered":"https:\/\/www.radiopresidenteibanez.cl\/web\/?p=55269"},"modified":"2025-03-27T08:53:21","modified_gmt":"2025-03-27T11:53:21","slug":"gasco-magallanes-difunde-soluciones-energeticas-en-feria-de-la-salmonicultura","status":"publish","type":"post","link":"https:\/\/www.radiopresidenteibanez.cl\/web\/gasco-magallanes-difunde-soluciones-energeticas-en-feria-de-la-salmonicultura\/","title":{"rendered":"GASCO Magallanes difunde soluciones energ\u00e9ticas en feria de la salmonicultura"},"content":{"rendered":"\n<p>Recientemente inaugurada en Punta Arenas, la feria Aquasurtech&nbsp;reune a productores y proveedores de la industria acu\u00edcola, promoviendo la colaboraci\u00f3n y b\u00fasqueda de oportunidades para un desarrollo sustentable. En esta segunda edici\u00f3n en la regi\u00f3n, GASCO Magallanes se hizo presente en esta instancia como l\u00edder en la prestaci\u00f3n de diversas soluciones energ\u00e9ticas a partir del Gas Licuado (GL) y Gas Natural (GN)<\/p>\n\n\n\n<p>Bastian Navarro, Subgerente de Negocios GLP GASCO Magallanes, destac\u00f3 la importancia del desarrollo de soluciones energ\u00e9ticas en base a gas licuado, por su alto grado de contribuci\u00f3n a la sostenibilidad en los procesos acu\u00edcolas, adem\u00e1s de ajustarse a las necesidades y requerimientos espec\u00edficos de los clientes en esta zona austral de Chile. \u201cEn ese sentido, vemos con buenos ojos el rol del gas licuado como actor relevante frente a las necesidades energ\u00e9ticas de la industria. Por nuestra parte, mantenemos el compromiso de seguir siendo un motor de desarrollo regional\u201d.<\/p>\n\n\n\n<p>En tanto, Marco Wiederhold, Jefe Comercial Marine de GASCO dijo que \u201cla apuesta de la empresa es ofrecer opciones para migrar desde combustibles l\u00edquidos, m\u00e1s contaminantes, a gas licuado para generaci\u00f3n el\u00e9ctrica, incineraci\u00f3n y calentamiento de agua entre otras necesidades que tiene la industria.\u201d<\/p>\n\n\n\n<p>As\u00ed como en la industria de la acuicultura, GASCO Magallanes ha concretado soluciones energ\u00e9ticas con GL en hoteler\u00eda, ganader\u00eda y habitantes de \u00e1reas rurales de Magallanes.<\/p>\n","protected":false},"excerpt":{"rendered":"<p>Recientemente inaugurada en Punta Arenas, la feria Aquasurtech&nbsp;reune a productores y proveedores de la industria acu\u00edcola, promoviendo la colaboraci\u00f3n y b\u00fasqueda de oportunidades para un desarrollo sustentable. En esta segunda&#8230; <a class=\"read-more\" href=\"https:\/\/www.radiopresidenteibanez.cl\/web\/gasco-magallanes-difunde-soluciones-energeticas-en-feria-de-la-salmonicultura\/\">Leer m\u00e1s<\/a><\/p>\n","protected":false},"author":2,"featured_media":55270,"comment_status":"closed","ping_status":"closed","sticky":false,"template":"","format":"standard","meta":{"footnotes":""},"categories":[1],"tags":[],"class_list":["post-55269","post","type-post","status-publish","format-standard","has-post-thumbnail","hentry","category-cronica"],"_links":{"self":[{"href":"https:\/\/www.radiopresidenteibanez.cl\/web\/wp-json\/wp\/v2\/posts\/55269","targetHints":{"allow":["GET"]}}],"collection":[{"href":"https:\/\/www.radiopresidenteibanez.cl\/web\/wp-json\/wp\/v2\/posts"}],"about":[{"href":"https:\/\/www.radiopresidenteibanez.cl\/web\/wp-json\/wp\/v2\/types\/post"}],"author":[{"embeddable":true,"href":"https:\/\/www.radiopresidenteibanez.cl\/web\/wp-json\/wp\/v2\/users\/2"}],"replies":[{"embeddable":true,"href":"https:\/\/www.radiopresidenteibanez.cl\/web\/wp-json\/wp\/v2\/comments?post=55269"}],"version-history":[{"count":0,"href":"https:\/\/www.radiopresidenteibanez.cl\/web\/wp-json\/wp\/v2\/posts\/55269\/revisions"}],"wp:featuredmedia":[{"embeddable":true,"href":"https:\/\/www.radiopresidenteibanez.cl\/web\/wp-json\/wp\/v2\/media\/55270"}],"wp:attachment":[{"href":"https:\/\/www.radiopresidenteibanez.cl\/web\/wp-json\/wp\/v2\/media?parent=55269"}],"wp:term":[{"taxonomy":"category","embeddable":true,"href":"https:\/\/www.radiopresidenteibanez.cl\/web\/wp-json\/wp\/v2\/categories?post=55269"},{"taxonomy":"post_tag","embeddable":true,"href":"https:\/\/www.radiopresidenteibanez.cl\/web\/wp-json\/wp\/v2\/tags?post=55269"}],"curies":[{"name":"wp","href":"https:\/\/api.w.org\/{rel}","templated":true}]}}