{"id":55255,"date":"2025-03-26T13:27:00","date_gmt":"2025-03-26T16:27:00","guid":{"rendered":"https:\/\/www.radiopresidenteibanez.cl\/web\/?p=55255"},"modified":"2025-03-26T10:59:34","modified_gmt":"2025-03-26T13:59:34","slug":"gobierno-regional-suscribe-memorando-de-entendimiento-con-la-caf-para-impulsar-el-desarrollo-sostenible-fortalecer-y-apoyar-la-descentralizacion","status":"publish","type":"post","link":"https:\/\/www.radiopresidenteibanez.cl\/web\/gobierno-regional-suscribe-memorando-de-entendimiento-con-la-caf-para-impulsar-el-desarrollo-sostenible-fortalecer-y-apoyar-la-descentralizacion\/","title":{"rendered":"Gobierno Regional suscribe memorando de entendimiento con la CAF para impulsar el desarrollo sostenible, fortalecer y apoyar la descentralizaci\u00f3n"},"content":{"rendered":"\n<p>Fue el pasado martes 24 de marzo que Axel Gonz\u00e1lez Lasa, jefe de la divisi\u00f3n de Planificaci\u00f3n y Desarrollo Regional, en representaci\u00f3n del Gobierno Regional de Magallanes y la Ant\u00e1rtica Chilena, asisti\u00f3 al encuentro en Santiago entre el presidente ejecutivo de Banco de Desarrollo de Am\u00e9rica Latina y el Caribe (Corporaci\u00f3n Andina de Fomento, la CAF), y los distintos gobernadores y representantes de dichas instituciones, congregados en la Asociaci\u00f3n de Gobernadores y Gobernadoras de Chile (Agorechi).&nbsp;<\/p>\n\n\n\n<p>La reuni\u00f3n ocurri\u00f3 en la oficina de la Comisi\u00f3n Econ\u00f3mica para Am\u00e9rica Latina y el Caribe (Cepal), y tuvo como principal objetivo el propiciar una instancia para compartir e intercambiar ideas, y fortalecer la relaci\u00f3n entre las instituciones.&nbsp;<\/p>\n\n\n\n<p>El&nbsp;director de Planificaci\u00f3n y Desarrollo Regional&nbsp;relev\u00f3 tres materias que fueron transmitidas a los representantes de la&nbsp;CAF,&nbsp;tambi\u00e9n de&nbsp;Agorechi,&nbsp;y que han sido claves en el desarrollo de Magallanes: \u00abPrimero, la conectividad ant\u00e1rtica y su valor patrimonial, que es parte de la regi\u00f3n de Magallanes\u00bb.<\/p>\n\n\n\n<p>En esa l\u00ednea,&nbsp;Gonz\u00e1lez&nbsp;puso en valor el rol de&nbsp;CAF&nbsp;en el financiamiento del estudio de prefactibilidad para la fibra \u00f3ptica a la Ant\u00e1rtica, \u00abque, como proyecto, se empez\u00f3 a ejecutar hace poco, y sienta las bases de soberan\u00eda chilena a trav\u00e9s de la conectividad digital. Tambi\u00e9n informamos de otras iniciativas, como bah\u00eda Fildes y el aer\u00f3dromo de Teniente Marsh, y el trabajo que se hace con las bases ant\u00e1rticas y el Instituto Ant\u00e1rtico Chileno (INACH)\u00bb, acot\u00f3 el directo.<\/p>\n\n\n\n<p>El segundo de los temas fue el de la conectividad terrestre nacional. En el contexto de la dependencia de Argentina para abastecer a Magallanes, transparent\u00f3 Gonz\u00e1lez que \u00abtenemos proyectos interesantes, que muchos de ellos est\u00e1n en el Plan de Desarrollo de Zonas Extremas. Ellos est\u00e1n interesados en los temas binacionales, porque son estructurantes para el cono sur\u00bb.<\/p>\n\n\n\n<p>Por \u00faltimo, se abord\u00f3 el tema de la infraestructura habilitante para el desarrollo del hidr\u00f3geno verde desde una perspectiva regional. Lo explic\u00f3 el director: \u00abImpacta a todo el cono sur y, de materializarse, cambiar\u00e1n varios aspectos socioecon\u00f3micos de todo el sur de Chile y Argentina. A ellos les interesa mucho avanzar en temas relacionados. Lo pusimos en la mesa\u00bb. El encuentro concluy\u00f3 con la firma de un memorando de entendimiento&nbsp;entre la&nbsp;CAF&nbsp;y&nbsp;Agorechi,&nbsp;cuyo objetivo es \u00abimpulsar el desarrollo regional sostenible y potenciar las capacidades institucionales de los gobiernos subnacionales chilenos, abordando dos ejes fundamentales: el fortalecimiento de los gobiernos regionales y el apoyo a la agenda de descentralizaci\u00f3n del Gobierno de Chile\u00bb, se\u00f1alaron desde la Corporaci\u00f3n.<\/p>\n","protected":false},"excerpt":{"rendered":"<p>Fue el pasado martes 24 de marzo que Axel Gonz\u00e1lez Lasa, jefe de la divisi\u00f3n de Planificaci\u00f3n y Desarrollo Regional, en representaci\u00f3n del Gobierno Regional de Magallanes y la Ant\u00e1rtica&#8230; <a class=\"read-more\" href=\"https:\/\/www.radiopresidenteibanez.cl\/web\/gobierno-regional-suscribe-memorando-de-entendimiento-con-la-caf-para-impulsar-el-desarrollo-sostenible-fortalecer-y-apoyar-la-descentralizacion\/\">Leer m\u00e1s<\/a><\/p>\n","protected":false},"author":2,"featured_media":55256,"comment_status":"closed","ping_status":"closed","sticky":false,"template":"","format":"standard","meta":{"footnotes":""},"categories":[1],"tags":[],"class_list":["post-55255","post","type-post","status-publish","format-standard","has-post-thumbnail","hentry","category-cronica"],"_links":{"self":[{"href":"https:\/\/www.radiopresidenteibanez.cl\/web\/wp-json\/wp\/v2\/posts\/55255","targetHints":{"allow":["GET"]}}],"collection":[{"href":"https:\/\/www.radiopresidenteibanez.cl\/web\/wp-json\/wp\/v2\/posts"}],"about":[{"href":"https:\/\/www.radiopresidenteibanez.cl\/web\/wp-json\/wp\/v2\/types\/post"}],"author":[{"embeddable":true,"href":"https:\/\/www.radiopresidenteibanez.cl\/web\/wp-json\/wp\/v2\/users\/2"}],"replies":[{"embeddable":true,"href":"https:\/\/www.radiopresidenteibanez.cl\/web\/wp-json\/wp\/v2\/comments?post=55255"}],"version-history":[{"count":0,"href":"https:\/\/www.radiopresidenteibanez.cl\/web\/wp-json\/wp\/v2\/posts\/55255\/revisions"}],"wp:featuredmedia":[{"embeddable":true,"href":"https:\/\/www.radiopresidenteibanez.cl\/web\/wp-json\/wp\/v2\/media\/55256"}],"wp:attachment":[{"href":"https:\/\/www.radiopresidenteibanez.cl\/web\/wp-json\/wp\/v2\/media?parent=55255"}],"wp:term":[{"taxonomy":"category","embeddable":true,"href":"https:\/\/www.radiopresidenteibanez.cl\/web\/wp-json\/wp\/v2\/categories?post=55255"},{"taxonomy":"post_tag","embeddable":true,"href":"https:\/\/www.radiopresidenteibanez.cl\/web\/wp-json\/wp\/v2\/tags?post=55255"}],"curies":[{"name":"wp","href":"https:\/\/api.w.org\/{rel}","templated":true}]}}