{"id":55243,"date":"2025-03-26T09:08:44","date_gmt":"2025-03-26T12:08:44","guid":{"rendered":"https:\/\/www.radiopresidenteibanez.cl\/web\/?p=55243"},"modified":"2025-03-26T09:08:50","modified_gmt":"2025-03-26T12:08:50","slug":"fosis-y-servicio-de-reinsercion-social-juvenil-de-magallanes-acuerdan-trabajo-para-apoyar-a-jovenes-en-conflicto-con-la-justicia","status":"publish","type":"post","link":"https:\/\/www.radiopresidenteibanez.cl\/web\/fosis-y-servicio-de-reinsercion-social-juvenil-de-magallanes-acuerdan-trabajo-para-apoyar-a-jovenes-en-conflicto-con-la-justicia\/","title":{"rendered":"FOSIS Y SERVICIO DE REINSERCI\u00d3N SOCIAL JUVENIL DE MAGALLANES ACUERDAN TRABAJO PARA APOYAR A J\u00d3VENES EN CONFLICTO CON LA JUSTICIA"},"content":{"rendered":"\n<p>Con el objetivo de realizar un trabajo conjunto y colaborativo, el FOSIS y el Servicio de Reinserci\u00f3n Social Juvenil de Magallanes suscribieron un acuerdo institucional, alianza que permitir\u00e1 beneficiar a j\u00f3venes que se encuentran sujetos a alguna de las medidas y\/o sanciones contenidas en la Ley N\u00b0 20.084, permitiendo que se movilicen capacidades y recursos en funci\u00f3n de mejorar la calidad de vida de los j\u00f3venes que cumplen sanci\u00f3n en el Centro de Cumplimiento Juvenil. Adicionalmente permitir\u00e1 tambi\u00e9n aprovechar la oferta program\u00e1tica y fortalecer la intervenci\u00f3n con personas usuarias del FOSIS.<\/p>\n\n\n\n<p>La firma del convenio cont\u00f3 con la presencia de la Seremi de Justicia y Derechos Humanos, Michelle Peutat; Seremi de Desarrollo Social y Familia Danilo Mimica; director regional del Fondo de Solidaridad e Inversi\u00f3n Social (FOSIS) Felipe Jeria, del director del Centro de Cumplimiento Juvenil, Daniel Cerna, y del director regional del Servicio de Reinserci\u00f3n Social Juvenil de Magallanes, C\u00e9sar Montiel.<\/p>\n\n\n\n<p>El documento, que fue refrendado con las firmas de los directores del FOSIS y del Servicio de Reinserci\u00f3n Social Juvenil, busca facilitar la realizaci\u00f3n de acciones conjuntas, para entregar beneficios y capacitaciones que faciliten la reinserci\u00f3n de los j\u00f3venes que cumplen sanci\u00f3n en modalidad de internaci\u00f3n de r\u00e9gimen cerrado, internaci\u00f3n provisoria y en medio libre, aportando a la mejora en su calidad de vida y en su proceso de reinserci\u00f3n social.<\/p>\n\n\n\n<p>Como lo destac\u00f3&nbsp;<strong>Felipe Jeria, director regional de FOSIS Magallanes<\/strong>, \u201cestamos marcando un hito al ser la primera instituci\u00f3n p\u00fablica en suscribir un convenio con el nuevo Servicio de Reinserci\u00f3n Social Juvenil de Magallanes, con el cual vamos a estar trabajando en distintas actividades que tienen que ver con entregar nuevas oportunidades a las personas que se encuentran cumpliendo sanciones al alero de la Ley de Responsabilidad Social Juvenil. El apoyo que puede entregar FOSIS a trav\u00e9s del emprendimiento, seguridad alimentaria o cohesi\u00f3n social puede contribuir a que estos j\u00f3venes puedan encontrar nuevas oportunidades cuando retomen el medio libre\u201d.<\/p>\n\n\n\n<p>Por su parte, el&nbsp;<strong>director regional del Servicio de Reinserci\u00f3n Social Juvenil, C\u00e9sar Montiel<\/strong>, valor\u00f3 el compromiso de la institucionalidad p\u00fablica. \u201cEste es un esfuerzo desde el Servicio de Reinserci\u00f3n, pero tambi\u00e9n de toda la institucionalidad p\u00fablica y del mundo privado, que colaboran y dar muestra de apoyo permanente. En este contexto, el intersector cobra relevancia en la medida en que todos somos responsables de lo que pasa con los chiquillos que a nosotros nos toca atender. Ellos son adolescentes infractores de ley, pero que tambi\u00e9n merecen y tienen que tener una oportunidad para reconvertir sus vidas y esta iniciativa es una enorme colaboraci\u00f3n no s\u00f3lo como capacitaci\u00f3n sino tambi\u00e9n como una posibilidad cierta de oportunidad de trabajo cuando cumplan su sanci\u00f3n\u201d.<\/p>\n\n\n\n<p>Los talleres se iniciar\u00e1n con una capacitaci\u00f3n en carpinter\u00eda que llevar\u00e1 a cabo la tallerista Daniela Vera, que es apoyada por FOSIS. La artesana pudo conocer las instalaciones del taller de carpinter\u00eda del Centro de Cumplimiento en donde comparti\u00f3 su experiencia en el tallado de madera y los motivos que la llevaron a participar en esta actividad.<\/p>\n\n\n\n<p>\u201cLo que esperamos es poder ayudar a los j\u00f3venes a lograr nuevos conocimientos y darles la posibilidad de ver que pueden crecer, que pueden aprender un oficio. Tambi\u00e9n permitir\u00e1 que nuestros compa\u00f1eros que tambi\u00e9n son emprendedores y usuarios de Fosis puedan venir a ense\u00f1ar habilidades\u201d, se\u00f1al\u00f3&nbsp;<strong>Daniela Vera.<\/strong><\/p>\n\n\n\n<p>La misi\u00f3n de este trabajo conjunto es desarrollar programas que contribuyan a que las y los j\u00f3venes abandonen la conducta delictiva, mediante el apoyo intersectorial. As\u00ed lo destac\u00f3 la&nbsp;<strong>Seremi de Justicia y Derechos Humanos, Michelle Peutat Alvarado<\/strong>, destacando el aporte del Fosis en trabajar de manera solidaria en la reducci\u00f3n de la pobreza y la desigualdad en los distintos espacios de nuestra comunidad, y que se expresa inmejorablemente en un convenio de colaboraci\u00f3n con el Servicio de Reinserci\u00f3n Social Juvenil, que trabaja con j\u00f3venes que han atravesado dif\u00edciles trayectorias de vida que los han acercado a la comisi\u00f3n del delito. \u201cEsperamos continuar con este empuje del gobierno del Presidente Gabriel Boric por entender a la reinserci\u00f3n como una tarea del Estado en su conjunto, no solamente por la importancia en temas de seguridad, sino que sobre todo por disminuir las posibilidades de reincidencia y brindar nuevas oportunidades a los y las j\u00f3venes de nuestra regi\u00f3n\u201d, subray\u00f3.<\/p>\n\n\n\n<p>A partir de ahora, el trabajo de ambos servicios p\u00fablicos se dedicar\u00e1 a elaborar una oferta estructurada respecto de beneficios, actividades y acciones concretas para facilitar la intervenci\u00f3n de los j\u00f3venes, con miras a su reinserci\u00f3n social.<\/p>\n","protected":false},"excerpt":{"rendered":"<p>Con el objetivo de realizar un trabajo conjunto y colaborativo, el FOSIS y el Servicio de Reinserci\u00f3n Social Juvenil de Magallanes suscribieron un acuerdo institucional, alianza que permitir\u00e1 beneficiar a&#8230; <a class=\"read-more\" href=\"https:\/\/www.radiopresidenteibanez.cl\/web\/fosis-y-servicio-de-reinsercion-social-juvenil-de-magallanes-acuerdan-trabajo-para-apoyar-a-jovenes-en-conflicto-con-la-justicia\/\">Leer m\u00e1s<\/a><\/p>\n","protected":false},"author":2,"featured_media":55244,"comment_status":"closed","ping_status":"closed","sticky":false,"template":"","format":"standard","meta":{"footnotes":""},"categories":[1],"tags":[],"class_list":["post-55243","post","type-post","status-publish","format-standard","has-post-thumbnail","hentry","category-cronica"],"_links":{"self":[{"href":"https:\/\/www.radiopresidenteibanez.cl\/web\/wp-json\/wp\/v2\/posts\/55243","targetHints":{"allow":["GET"]}}],"collection":[{"href":"https:\/\/www.radiopresidenteibanez.cl\/web\/wp-json\/wp\/v2\/posts"}],"about":[{"href":"https:\/\/www.radiopresidenteibanez.cl\/web\/wp-json\/wp\/v2\/types\/post"}],"author":[{"embeddable":true,"href":"https:\/\/www.radiopresidenteibanez.cl\/web\/wp-json\/wp\/v2\/users\/2"}],"replies":[{"embeddable":true,"href":"https:\/\/www.radiopresidenteibanez.cl\/web\/wp-json\/wp\/v2\/comments?post=55243"}],"version-history":[{"count":0,"href":"https:\/\/www.radiopresidenteibanez.cl\/web\/wp-json\/wp\/v2\/posts\/55243\/revisions"}],"wp:featuredmedia":[{"embeddable":true,"href":"https:\/\/www.radiopresidenteibanez.cl\/web\/wp-json\/wp\/v2\/media\/55244"}],"wp:attachment":[{"href":"https:\/\/www.radiopresidenteibanez.cl\/web\/wp-json\/wp\/v2\/media?parent=55243"}],"wp:term":[{"taxonomy":"category","embeddable":true,"href":"https:\/\/www.radiopresidenteibanez.cl\/web\/wp-json\/wp\/v2\/categories?post=55243"},{"taxonomy":"post_tag","embeddable":true,"href":"https:\/\/www.radiopresidenteibanez.cl\/web\/wp-json\/wp\/v2\/tags?post=55243"}],"curies":[{"name":"wp","href":"https:\/\/api.w.org\/{rel}","templated":true}]}}