{"id":55241,"date":"2025-03-25T19:36:27","date_gmt":"2025-03-25T22:36:27","guid":{"rendered":"https:\/\/www.radiopresidenteibanez.cl\/web\/?p=55241"},"modified":"2025-03-25T19:36:33","modified_gmt":"2025-03-25T22:36:33","slug":"servinaut-informa-pronostico-regional-maritimo-78","status":"publish","type":"post","link":"https:\/\/www.radiopresidenteibanez.cl\/web\/servinaut-informa-pronostico-regional-maritimo-78\/","title":{"rendered":"SERVINAUT INFORMA: PRON\u00d3STICO REGIONAL MAR\u00cdTIMO"},"content":{"rendered":"\n<p>V\u00e1lido hasta 20:00 horas del mi\u00e9rcoles 26 de marzo de 2025.<\/p>\n\n\n\n<p><a href=\"https:\/\/www.latercera.com\/autor\/oscar-guillermo-garreton\"><br><br><\/a><\/p>\n\n\n\n<p><\/p>\n\n\n\n<p><strong>ZONA SIETE (FARO SAN PEDRO A FARO EVANGELISTAS):<\/strong><\/p>\n\n\n\n<p>SITUACI\u00d3N SIN\u00d3PTICA: PREFRONTAL A FRONTAL.<\/p>\n\n\n\n<p>PRON\u00d3STICO: CUBIERTO, VIS 10\/6 KM CHUBASCOS, VTO NW\/N 10\/15 NDS AUMENTANDO AL SUR DEL SECTOR 30\/35 NDS RACHAS 50 NDS, MAR GRUESA (3.0\/4.0 MT) COMO MAR DE FONDO DEL SURWESTE.<\/p>\n\n\n\n<p><strong>ZONA OCHO (F.EVANGELISTAS A LAT 60 GDS SUR<\/strong>):<\/p>\n\n\n\n<p>SITUACI\u00d3N SINOPTICA: PREFRONTAL A FRONTAL.<\/p>\n\n\n\n<p>PRON\u00d3STICO: (F.EVANGELISTAS A LAT. 56 GDS SUR): CUBIERTO A NUBLADO, VIS 8\/10 KM CHUBASCOS, VTO N\/NW 20\/25 NDS DISMINUYENDO AL ESTE DEL SECTOR N\/NE 5\/15 NDS, MAR GRUESA (3.0\/4.0 MT) DISMINUYENDO AL ESTE DEL SECTOR MAREJADA (2.0\/2.5 MT) COMO MAR DE FONDO DEL W\/SW.<\/p>\n\n\n\n<p>&nbsp;(LAT. 56 GDS SUR A LAT. 60 GDS SUR): CUBIERTO A NUBLADO, VIS 6\/10 KM CHUBASCOS, VTO NW\/N 25\/30 NDS RACHAS 40 NDS, MAR GRUESA A MUY GRUESA (3.0\/5.0 MT) COMO MAR DE FONDO DEL W\/SW.<\/p>\n\n\n\n<p><strong>ESTRECHO NELSON:<\/strong><\/p>\n\n\n\n<p>CUBIERTO A NUBLADO, VIS 10\/6 KM LLUVIA\/CHUBASCOS, VTO NE\/N 10\/15 NDS ROLANDO AL N\/NW 20\/25 NDS RACHAS 45 NDS, MAR MAREJADA A GRUESA (2.0\/3.0 MT) COMO MAR DE FONDO DEL S\/SW.<\/p>\n\n\n\n<p><strong>PUERTO NATALES:<\/strong><\/p>\n\n\n\n<p>NUBLADO, VIS 10 KM, VTO CALMA A W\/NW 5\/10 NDS, MAR LLANA A RIZADA EN BAH\u00cdA.<\/p>\n\n\n\n<p>TEMPERATURA M\u00c1XIMA PROBABLE : 16.0 \u00baC.<\/p>\n\n\n\n<p><strong>PASO TAMAR<\/strong>:<\/p>\n\n\n\n<p>NUBLADO A CUBIERTO, VIS 10\/8 KM CHUBASCOS, VTO N\/NW 10\/15 NDS AUMENTANDO PM 20\/25 NDS RACHAS 45 NDS, MAR MAREJADILLA A MAREJADA (1.0\/2.0 MT).<\/p>\n\n\n\n<p><strong>FARO F\u00c9LIX A CABO FROWARD:<\/strong><\/p>\n\n\n\n<p>CUBIERTO A NUBLADO, VIS 10 KM CHUBASCOS, VTO NE\/N 5\/15 NDS AUMENTANDO FIN PERIODO SECTOR FELIX NW\/W 25\/30 NDS, MAR RIZADA A MAREJADILLA (0.2\/1.0 MT).<\/p>\n\n\n\n<p><strong>CABO FROWARD A PUNTA DELGADA:<\/strong><\/p>\n\n\n\n<p>CUBIERTO A NUBLADO, VIS 10 KM, VTO NORESTE 10\/15 NDS RACHAS 25 NDS, MAR MAREJADILLA (0.5\/1.0 MT).<\/p>\n\n\n\n<p><strong>PUNTA ARENAS:<\/strong><\/p>\n\n\n\n<p>NUBLADO, VIS 10 KM, VTO CALMA A NORESTE 6\/12 NDS RACHAS 22 NDS, MAR CALMA A RIZADA EN BAH\u00cdA.<\/p>\n\n\n\n<p>TEMPERATURA M\u00c1XIMA PROBABLE : 15.0 \u00baC.<\/p>\n\n\n\n<p>INDICE RADIACI\u00d3N ULTRAVIOLETA : 3 MODERADO (FUENTE USACH).<\/p>\n\n\n\n<p><strong>PTA. DELGADA\/DUNGENESS:<\/strong><\/p>\n\n\n\n<p>NUBLADO, VIS 10 KM, VTO NORESTE 5\/10 NDS AUMENTANDO PM 10\/15 NDS RACHAS 25 NDS, MAR MAREJADILLA (0.5\/1.0 MT).<\/p>\n\n\n\n<p><strong>CANAL BRECKNOCK:<\/strong><\/p>\n\n\n\n<p>CUBIERTO, VIS 10 KM CHUBASCOS, VTO NORESTE 5\/15 NDS ROLANDO PM AL N\/NW 15\/20 NDS, MAR GRUESA (2.5\/3.5 MT) COMO MAR DE FONDO DEL W\/SW.<\/p>\n\n\n\n<p><strong>TIMBALES A PUERTO NAVARINO:<\/strong><\/p>\n\n\n\n<p>CUBIERTO VARIANDO A PARCIAL, VIS 10 KM, VTO N\/NE 5\/10 NDS, MAR RIZADA (0.2\/0.5 MT).<\/p>\n\n\n\n<p><strong>PUERTO NAVARINO A ISLA NUEVA:<\/strong><\/p>\n\n\n\n<p>CUBIERTO A NUBLADO, VIS 10 KM, VTO NE\/N 10\/15 NDS RACHAS 35 NDS, MAR RIZADA A MAREJADILLA (0.2\/0.8 MT).<\/p>\n\n\n\n<p><strong>PUERTO WILLIAMS:<\/strong><\/p>\n\n\n\n<p>PARCIAL A NUBLADO, VIS 10 KM, VTO N\/NW 2\/6 NDS AUMENTANDO PM 10\/15 NDS RACHAS 30 NDS, MAR LLANA A RIZADA EN BAH\u00cdA.<\/p>\n\n\n\n<p>TEMPERATURA M\u00c1XIMA PROBABLE : 14.0 \u00b0C.<\/p>\n\n\n\n<p><strong>BAH\u00cdA NASSAU A CABO DE HORNOS:<\/strong><\/p>\n\n\n\n<p>CUBIERTO A NUBLADO, VIS 10 KM, VTO N\/NE 10\/15 NDS, MAR MAREJADILLA A MAREJADA (1.0\/1.5 MT).<\/p>\n\n\n\n<p><strong>CABO DE HORNOS:<\/strong><\/p>\n\n\n\n<p><a><\/a><a><\/a><a>CUBIERTO, VIS 10 KM CHUBASCOS, VTO N\/NE 10\/15 NDS RACHAS 25 NDS, MAR GRUESA (3.0\/4.0 MT).<\/a><\/p>\n\n\n\n<p><strong><em>INFORMACI\u00d3N ELABORADA POR EL CENTRO METEOROL\u00d3GICO MAR\u00cdTIMO DE MAGALLANES<\/em><\/strong><\/p>\n","protected":false},"excerpt":{"rendered":"<p>V\u00e1lido hasta 20:00 horas del mi\u00e9rcoles 26 de marzo de 2025. ZONA SIETE (FARO SAN PEDRO A FARO EVANGELISTAS): SITUACI\u00d3N SIN\u00d3PTICA: PREFRONTAL A FRONTAL. PRON\u00d3STICO: CUBIERTO, VIS 10\/6 KM CHUBASCOS,&#8230; <a class=\"read-more\" href=\"https:\/\/www.radiopresidenteibanez.cl\/web\/servinaut-informa-pronostico-regional-maritimo-78\/\">Leer m\u00e1s<\/a><\/p>\n","protected":false},"author":2,"featured_media":55211,"comment_status":"closed","ping_status":"closed","sticky":false,"template":"","format":"standard","meta":{"footnotes":""},"categories":[1],"tags":[],"class_list":["post-55241","post","type-post","status-publish","format-standard","has-post-thumbnail","hentry","category-cronica"],"_links":{"self":[{"href":"https:\/\/www.radiopresidenteibanez.cl\/web\/wp-json\/wp\/v2\/posts\/55241","targetHints":{"allow":["GET"]}}],"collection":[{"href":"https:\/\/www.radiopresidenteibanez.cl\/web\/wp-json\/wp\/v2\/posts"}],"about":[{"href":"https:\/\/www.radiopresidenteibanez.cl\/web\/wp-json\/wp\/v2\/types\/post"}],"author":[{"embeddable":true,"href":"https:\/\/www.radiopresidenteibanez.cl\/web\/wp-json\/wp\/v2\/users\/2"}],"replies":[{"embeddable":true,"href":"https:\/\/www.radiopresidenteibanez.cl\/web\/wp-json\/wp\/v2\/comments?post=55241"}],"version-history":[{"count":0,"href":"https:\/\/www.radiopresidenteibanez.cl\/web\/wp-json\/wp\/v2\/posts\/55241\/revisions"}],"wp:featuredmedia":[{"embeddable":true,"href":"https:\/\/www.radiopresidenteibanez.cl\/web\/wp-json\/wp\/v2\/media\/55211"}],"wp:attachment":[{"href":"https:\/\/www.radiopresidenteibanez.cl\/web\/wp-json\/wp\/v2\/media?parent=55241"}],"wp:term":[{"taxonomy":"category","embeddable":true,"href":"https:\/\/www.radiopresidenteibanez.cl\/web\/wp-json\/wp\/v2\/categories?post=55241"},{"taxonomy":"post_tag","embeddable":true,"href":"https:\/\/www.radiopresidenteibanez.cl\/web\/wp-json\/wp\/v2\/tags?post=55241"}],"curies":[{"name":"wp","href":"https:\/\/api.w.org\/{rel}","templated":true}]}}