{"id":55229,"date":"2025-03-25T15:08:53","date_gmt":"2025-03-25T18:08:53","guid":{"rendered":"https:\/\/www.radiopresidenteibanez.cl\/web\/?p=55229"},"modified":"2025-03-25T15:08:59","modified_gmt":"2025-03-25T18:08:59","slug":"puerto-williams-avanza-con-historica-inversion-del-programa-de-pavimentacion-participativa","status":"publish","type":"post","link":"https:\/\/www.radiopresidenteibanez.cl\/web\/puerto-williams-avanza-con-historica-inversion-del-programa-de-pavimentacion-participativa\/","title":{"rendered":"PUERTO WILLIAMS AVANZA CON HISTORICA INVERSION DEL PROGRAMA DE PAVIMENTACION PARTICIPATIVA"},"content":{"rendered":"\n<p>Una importante transformaci\u00f3n urbana comenz\u00f3 en la comuna de Cabo de Hornos, con el inicio de las obras del 33\u00b0 Llamado del Programa de Pavimentaci\u00f3n Participativa, ejecutado por el Ministerio de Vivienda y Urbanismo (Minvu).<\/p>\n\n\n\n<p>En Puerto Williams, la inversi\u00f3n sectorial supera los 2.500 millones de pesos, lo que permitir\u00e1 pavimentar cinco tramos de calles, beneficiando directamente a los vecinos y vecinas de la ciudad m\u00e1s austral del mundo.<\/p>\n\n\n\n<p>\u201cCon esta inversi\u00f3n hist\u00f3rica estamos llegando a rincones donde nunca antes se hab\u00eda pavimentado, como Villa Camer\u00f3n en Timaukel, y por supuesto Puerto Williams, donde pavimentaremos cerca de dos kil\u00f3metros de calles. Esta es una se\u00f1al concreta de equidad territorial y descentralizaci\u00f3n, pilares claves en la b\u00fasqueda de ciudades m\u00e1s justas\u201d, se\u00f1al\u00f3 el seremi del Minvu,&nbsp;<strong>Marco Uribe Saldivia<\/strong>.<\/p>\n\n\n\n<p>El proyecto considera 7.274m\u00b2 de calzada y 1.851m\u00b2 de veredas y accesos vehiculares, con un avance f\u00edsico que ya alcanza el 5%, concentrando actualmente los trabajos en calle Snipe, donde ya se han construido aceras y 36 metros lineales de calzada. \u201cDurante esta semana se espera iniciar labores de excavaci\u00f3n en calle Austral, continuando as\u00ed con el cronograma de intervenci\u00f3n previo al invierno\u201d, detall\u00f3 el director regional (s) del SERVIU,&nbsp;<strong>Omar Gonz\u00e1lez Asenjo<\/strong>.<\/p>\n\n\n\n<p>Por su parte, la delegada&nbsp;<strong>Constanza Calisto Gallardo<\/strong>&nbsp;valor\u00f3 que el Minvu est\u00e1 presente en la Provincia Ant\u00e1rtica Chilena y que proyectos como los Pavimentos Participativos se est\u00e9n ejecutando en Puerto Williams, es una clara se\u00f1al de que la comuna est\u00e1 avanzando.<\/p>\n\n\n\n<p>\u201cCon este programa los vecinos son parte de la transformaci\u00f3n que significa el paso de calles de tierra a pavimentos, que, por lo dem\u00e1s, hacen que el tr\u00e1nsito sea mucho m\u00e1s seguro y embellecen nuestra ciudad\u201d, destac\u00f3 la delegada provincial.<\/p>\n\n\n\n<p><strong>Equidad territorial<\/strong><\/p>\n\n\n\n<p>Estas obras forman parte de un contrato mayor adjudicado por el Servicio de Vivienda y Urbanizaci\u00f3n (SERVIU) a la constructora Salfa, cuya ejecuci\u00f3n total se extender\u00e1 por 510 d\u00edas corridos, hasta el 21 de mayo de 2026, y con una inversi\u00f3n global de 11.060 millones de pesos, que benefician a las comunas de Punta Arenas, Primavera, Timaukel y Cabo de Hornos.<\/p>\n\n\n\n<p>El director (s) del SERVIU detall\u00f3 que el contrato incluye 45 calles o veredas en Punta Arenas, una calle en Primavera, cinco en Puerto Williams y la pavimentaci\u00f3n de veredas en Timaukel.<\/p>\n\n\n\n<p>\u201cAl t\u00e9rmino de este contrato, cerca del 90% de las calzadas en localidades como Primavera, Timaukel y Puerto Williams quedar\u00e1n pavimentadas. Es un avance muy significativo para estas comunas que, hist\u00f3ricamente, no contaban con soluciones viales adecuadas\u201d, afirm\u00f3 Gonz\u00e1lez.<\/p>\n\n\n\n<p>Las obras contemplan la construcci\u00f3n de calzadas de hormig\u00f3n, veredas, accesos vehiculares, muros de contenci\u00f3n y gradas con pasamanos, garantizando accesibilidad universal y mejorando la calidad de vida de los habitantes.<\/p>\n\n\n\n<p>Este avance en infraestructura no s\u00f3lo responde a una necesidad urbana, sino que tambi\u00e9n refleja el trabajo conjunto entre el Estado y la comunidad organizada, gracias a la activa participaci\u00f3n de vecinos y vecinas agrupados en comit\u00e9s, que postularon al programa a trav\u00e9s de los respectivos municipios.<\/p>\n","protected":false},"excerpt":{"rendered":"<p>Una importante transformaci\u00f3n urbana comenz\u00f3 en la comuna de Cabo de Hornos, con el inicio de las obras del 33\u00b0 Llamado del Programa de Pavimentaci\u00f3n Participativa, ejecutado por el Ministerio&#8230; <a class=\"read-more\" href=\"https:\/\/www.radiopresidenteibanez.cl\/web\/puerto-williams-avanza-con-historica-inversion-del-programa-de-pavimentacion-participativa\/\">Leer m\u00e1s<\/a><\/p>\n","protected":false},"author":2,"featured_media":55230,"comment_status":"closed","ping_status":"closed","sticky":false,"template":"","format":"standard","meta":{"footnotes":""},"categories":[1],"tags":[],"class_list":["post-55229","post","type-post","status-publish","format-standard","has-post-thumbnail","hentry","category-cronica"],"_links":{"self":[{"href":"https:\/\/www.radiopresidenteibanez.cl\/web\/wp-json\/wp\/v2\/posts\/55229","targetHints":{"allow":["GET"]}}],"collection":[{"href":"https:\/\/www.radiopresidenteibanez.cl\/web\/wp-json\/wp\/v2\/posts"}],"about":[{"href":"https:\/\/www.radiopresidenteibanez.cl\/web\/wp-json\/wp\/v2\/types\/post"}],"author":[{"embeddable":true,"href":"https:\/\/www.radiopresidenteibanez.cl\/web\/wp-json\/wp\/v2\/users\/2"}],"replies":[{"embeddable":true,"href":"https:\/\/www.radiopresidenteibanez.cl\/web\/wp-json\/wp\/v2\/comments?post=55229"}],"version-history":[{"count":0,"href":"https:\/\/www.radiopresidenteibanez.cl\/web\/wp-json\/wp\/v2\/posts\/55229\/revisions"}],"wp:featuredmedia":[{"embeddable":true,"href":"https:\/\/www.radiopresidenteibanez.cl\/web\/wp-json\/wp\/v2\/media\/55230"}],"wp:attachment":[{"href":"https:\/\/www.radiopresidenteibanez.cl\/web\/wp-json\/wp\/v2\/media?parent=55229"}],"wp:term":[{"taxonomy":"category","embeddable":true,"href":"https:\/\/www.radiopresidenteibanez.cl\/web\/wp-json\/wp\/v2\/categories?post=55229"},{"taxonomy":"post_tag","embeddable":true,"href":"https:\/\/www.radiopresidenteibanez.cl\/web\/wp-json\/wp\/v2\/tags?post=55229"}],"curies":[{"name":"wp","href":"https:\/\/api.w.org\/{rel}","templated":true}]}}