{"id":5522,"date":"2019-07-03T01:12:09","date_gmt":"2019-07-03T01:12:09","guid":{"rendered":"http:\/\/www.radiopresidenteibanez.cl\/web\/?p=5522"},"modified":"2019-07-03T01:12:54","modified_gmt":"2019-07-03T01:12:54","slug":"subsecretario-fernando-arab-en-reunion-con-trabajadores-de-mina-invierno-la-empleabilidad-de-las-regiones-no-es-incompatible-con-la-sustentabilidad-y-cuidado-del-medio-ambiente","status":"publish","type":"post","link":"https:\/\/www.radiopresidenteibanez.cl\/web\/subsecretario-fernando-arab-en-reunion-con-trabajadores-de-mina-invierno-la-empleabilidad-de-las-regiones-no-es-incompatible-con-la-sustentabilidad-y-cuidado-del-medio-ambiente\/","title":{"rendered":"SUBSECRETARIO FERNANDO ARAB EN REUNI\u00d3N CON TRABAJADORES DE MINA INVIERNO: \u201cLA EMPLEABILIDAD DE LAS REGIONES NO ES INCOMPATIBLE CON LA SUSTENTABILIDAD Y CUIDADO DEL MEDIO AMBIENTE\u201d"},"content":{"rendered":"\n<p>Atendiendo a la\nsolicitud realizada por los trabajadores y dirigentes sindicales de Mina\nInvierno, el subsecretario del Trabajo, Fernando Arab Verdugo, acudi\u00f3 a la\nregi\u00f3n de Magallanes durante esta jornada para sostener un encuentro con\nrepresentantes de los sindicatos y gerencia de la minera a fin de abordar la\nactual situaci\u00f3n de la empresa.<\/p>\n\n\n\n<p>Es as\u00ed que, acompa\u00f1ado\npor la Seremi del Trabajo, Victoria Cort\u00e9s; la Seremi de Econom\u00eda, Natalia\nEaston; y el Seremi de Miner\u00eda, Carlos Quezada; adem\u00e1s de directores de Sence y\nCorfo, la autoridad laboral visit\u00f3 la minera a fin de brindar su apoyo a los\ntrabajadores de la misma. En sus palabras, \u201ccon los trabajadores concordamos en\nla necesidad de tener certeza inmediata respecto de la situaci\u00f3n de la mina.\nEstamos convencidos que el desarrollo y empleabilidad de las regiones no es\nincompatible con la sustentabilidad y el cuidado del medio ambiente. Hoy d\u00eda\nhay una situaci\u00f3n de incerteza\u201d.<\/p>\n\n\n\n<p>\u201cEl tribunal ambiental\nde Valdivia tiene la palabra en t\u00e9rminos de resolver si permite o no que las\noperaciones contin\u00faen con tronaduras y, por tanto, hemos solicitado que esa\nresoluci\u00f3n pueda resolverse lo antes posible\u201d, agreg\u00f3 en conversaci\u00f3n con los\nmedios de comunicaci\u00f3n regionales.<\/p>\n\n\n\n<p>Durante la visita a la\nminera, el subsecretario tuvo la oportunidad de reunirse con 17 dirigentes\nsindicales y trabajadores de la empresa, tras lo cual se\u00f1al\u00f3 que \u201cnosotros como\ngobierno, los vamos a seguir apoyando, como lo hemos hecho durante estos meses\ny mantendremos las mesas de trabajo que existen para efectos de darle a los\ntrabajadores la tranquilidad y la garant\u00eda que la situaci\u00f3n amerita\u201d.<\/p>\n\n\n\n<p>Consultado respecto de\nlas solicitudes realizadas por los dirigentes en el marco de este encuentro,\nArab explic\u00f3 que \u201clas inquietudes est\u00e1n basadas en dos puntos: primero, en la\nincerteza que existe respecto de si la mina va a poder seguir operando y esa es\nuna respuesta que el gobierno no puede dar, es una respuesta que debe dar el\npoder judicial a trav\u00e9s del fallo que est\u00e1 pendiente (\u2026) y, en segundo lugar,\nlos dirigentes manifestaron tambi\u00e9n su preocupaci\u00f3n por aquellos compa\u00f1eros que\nhan perdido su fuente laboral\u201d.<\/p>\n\n\n\n<p>Respecto de ellos, la\nautoridad inform\u00f3 que est\u00e1 operativa una mesa de trabajo que va a permitir\notorgar a esos trabajadores algunas alternativas, ya sea de reinserci\u00f3n\nlaboral, de capacitaci\u00f3n o de certificaci\u00f3n de competencias laborales. \u201cHoy d\u00eda\nlos trabajadores valoraron much\u00edsimo estas propuestas que les hicimos. Algunas\nde ellas hab\u00edan sido planteadas por ellos mismos semanas atr\u00e1s, respecto de\ncapacitaci\u00f3n y certificaci\u00f3n de competencias laborales y hoy les confirmamos\nque estamos disponibles para apoyarlos en ese \u00e1mbito a aquellos trabajadores\nque lamentablemente han sido desvinculados\u201d, a\u00f1adi\u00f3.<\/p>\n\n\n\n<p>En torno a ello, en\nestos d\u00edas se dio inicio a un levantamiento, liderado por la Seremi del Trabajo\ny el intendente regional, junto con los sectores productivos de la zona, tales\ncomo Construcci\u00f3n, Comercio y otros, a fin de analizar d\u00f3nde se requiere\ntrabajadores y en qu\u00e9 perfiles de manera de capacitarlos en aquellos \u00e1mbitos que\nsean demandados efectivamente.<\/p>\n\n\n\n<p>Durante los pr\u00f3ximos d\u00edas, los dirigentes se comprometieron a entregar a la Seremi del Trabajo una lista con los trabajadores que han sido desvinculados, con los perfiles y claridad de aquellos que deseen reinsertarse en empresas de la regi\u00f3n o de nivel nacional y tambi\u00e9n con aquellos trabajadores que requieran capacitaci\u00f3n o certificaci\u00f3n de competencias laborales, para quienes el ministerio har\u00e1 las gestiones que ellos requieran, en t\u00e9rminos de capacitaci\u00f3n y colocaci\u00f3n. \u201cLos trabajadores, a trav\u00e9s de sus dirigentes, quedaron de evaluar ese tema en conjunto, de poder presentar los listados con los nombres y perfiles profesionales de esos trabajadores y nosotros le manifestamos nuestra disposici\u00f3n a apoyarlos en la reinserci\u00f3n laboral\u201d, concluy\u00f3 el subsecretario.<\/p>\n\n\n\n<figure class=\"wp-block-image\"><img loading=\"lazy\" decoding=\"async\" width=\"1024\" height=\"768\" src=\"https:\/\/www.radiopresidenteibanez.cl\/web\/wp-content\/uploads\/2019\/07\/IMG_011-1024x768.jpg\" alt=\"\" class=\"wp-image-5523\" srcset=\"https:\/\/www.radiopresidenteibanez.cl\/web\/wp-content\/uploads\/2019\/07\/IMG_011.jpg 1024w, https:\/\/www.radiopresidenteibanez.cl\/web\/wp-content\/uploads\/2019\/07\/IMG_011-300x225.jpg 300w, https:\/\/www.radiopresidenteibanez.cl\/web\/wp-content\/uploads\/2019\/07\/IMG_011-768x576.jpg 768w\" sizes=\"auto, (max-width: 1024px) 100vw, 1024px\" \/><\/figure>\n","protected":false},"excerpt":{"rendered":"<p>Atendiendo a la solicitud realizada por los trabajadores y dirigentes sindicales de Mina Invierno, el subsecretario del Trabajo, Fernando Arab Verdugo, acudi\u00f3 a la regi\u00f3n de Magallanes durante esta jornada&#8230; <a class=\"read-more\" href=\"https:\/\/www.radiopresidenteibanez.cl\/web\/subsecretario-fernando-arab-en-reunion-con-trabajadores-de-mina-invierno-la-empleabilidad-de-las-regiones-no-es-incompatible-con-la-sustentabilidad-y-cuidado-del-medio-ambiente\/\">Leer m\u00e1s<\/a><\/p>\n","protected":false},"author":2,"featured_media":5524,"comment_status":"closed","ping_status":"closed","sticky":false,"template":"","format":"standard","meta":{"footnotes":""},"categories":[1],"tags":[],"class_list":["post-5522","post","type-post","status-publish","format-standard","has-post-thumbnail","hentry","category-cronica"],"_links":{"self":[{"href":"https:\/\/www.radiopresidenteibanez.cl\/web\/wp-json\/wp\/v2\/posts\/5522","targetHints":{"allow":["GET"]}}],"collection":[{"href":"https:\/\/www.radiopresidenteibanez.cl\/web\/wp-json\/wp\/v2\/posts"}],"about":[{"href":"https:\/\/www.radiopresidenteibanez.cl\/web\/wp-json\/wp\/v2\/types\/post"}],"author":[{"embeddable":true,"href":"https:\/\/www.radiopresidenteibanez.cl\/web\/wp-json\/wp\/v2\/users\/2"}],"replies":[{"embeddable":true,"href":"https:\/\/www.radiopresidenteibanez.cl\/web\/wp-json\/wp\/v2\/comments?post=5522"}],"version-history":[{"count":0,"href":"https:\/\/www.radiopresidenteibanez.cl\/web\/wp-json\/wp\/v2\/posts\/5522\/revisions"}],"wp:featuredmedia":[{"embeddable":true,"href":"https:\/\/www.radiopresidenteibanez.cl\/web\/wp-json\/wp\/v2\/media\/5524"}],"wp:attachment":[{"href":"https:\/\/www.radiopresidenteibanez.cl\/web\/wp-json\/wp\/v2\/media?parent=5522"}],"wp:term":[{"taxonomy":"category","embeddable":true,"href":"https:\/\/www.radiopresidenteibanez.cl\/web\/wp-json\/wp\/v2\/categories?post=5522"},{"taxonomy":"post_tag","embeddable":true,"href":"https:\/\/www.radiopresidenteibanez.cl\/web\/wp-json\/wp\/v2\/tags?post=5522"}],"curies":[{"name":"wp","href":"https:\/\/api.w.org\/{rel}","templated":true}]}}