{"id":55198,"date":"2025-03-24T14:32:00","date_gmt":"2025-03-24T17:32:00","guid":{"rendered":"https:\/\/www.radiopresidenteibanez.cl\/web\/?p=55198"},"modified":"2025-03-24T11:35:25","modified_gmt":"2025-03-24T14:35:25","slug":"aquachile-y-otec-seguridad-vertical-capacitan-a-la-comunidad-de-puerto-eden-en-primeros-auxilios","status":"publish","type":"post","link":"https:\/\/www.radiopresidenteibanez.cl\/web\/aquachile-y-otec-seguridad-vertical-capacitan-a-la-comunidad-de-puerto-eden-en-primeros-auxilios\/","title":{"rendered":"AquaChile y OTEC Seguridad Vertical capacitan a la comunidad de Puerto Ed\u00e9n en primeros auxilios"},"content":{"rendered":"\n<p>Con el objetivo de fortalecer la seguridad y preparaci\u00f3n ante emergencias en comunidades apartadas, AquaChile llev\u00f3 a cabo un curso de Primeros Auxilios en Zonas Remotas (Wilderness First Aid &#8211; WFA), programa especializado en preparar a personas que no tienen acceso r\u00e1pido a centros asistenciales y que viven en entornos naturales, para la localidad de Puerto Ed\u00e9n.<\/p>\n\n\n\n<p>Ubicado en la costa de la Isla Wellington, en la Regi\u00f3n de Magallanes, Puerto Ed\u00e9n es una de las localidades m\u00e1s aisladas del pa\u00eds, al que solo se puede acceder por v\u00eda mar\u00edtima. En este contexto, contar con conocimientos en primeros auxilios es clave para enfrentar emergencias, considerando que la comunidad tiene acceso limitado a centros asistenciales.<\/p>\n\n\n\n<p>La capacitaci\u00f3n incluy\u00f3 m\u00f3dulos clave como soporte vital b\u00e1sico, control de hemorragias, maniobra de Heimlich, resucitaci\u00f3n cardiopulmonar (RCP), uso del desfibrilador externo autom\u00e1tico (DEA) y el sistema de evaluaci\u00f3n del paciente. Estas habilidades resultan esenciales en lugares con dif\u00edcil acceso a asistencia m\u00e9dica, donde una reacci\u00f3n oportuna puede marcar la diferencia entre la vida y la muerte.<\/p>\n\n\n\n<p>Tras la capacitaci\u00f3n, Mar\u00eda Isabel Tocopaterico, una de las asistentes, dijo que \u201cquisiera agradecer a AquaChile por habernos iniciado en el curso de primeros auxilios. Creo que fue una instancia muy valiosa que sirvi\u00f3 para aprender las funciones b\u00e1sicas de primeros auxilios y donde pudimos practicar de manera directa las t\u00e9cnicas aprendidas.\u00bb<\/p>\n\n\n\n<p>La iniciativa realizada en colaboraci\u00f3n con la OTEC Seguridad Vertical, reuni\u00f3 a 11 miembros de la comunidad, incluyendo artesanas y gu\u00edas locales, quienes adquirieron herramientas fundamentales para actuar en situaciones cr\u00edticas. \u00abEsta iniciativa no solo refuerza la seguridad de la comunidad, sino que tambi\u00e9n empodera a los residentes para que puedan enfrentar situaciones cr\u00edticas con confianza y eficacia. Adem\u00e1s, este curso les proporciona las herramientas necesarias para tener una mejor reacci\u00f3n frente a una emergencia y les otorga los conocimientos para ofrecer servicios tur\u00edsticos de manera m\u00e1s segura\u00bb, se\u00f1al\u00f3 Tania D\u00edaz, instructora de primeros auxilios de OTEC Seguridad Vertical Capacitaciones.<\/p>\n\n\n\n<p>Desde AquaChile destacaron la importancia de este tipo de iniciativas para la comunidad. \u00abEn AquaChile creemos que la seguridad y el bienestar de las comunidades donde operamos es una prioridad. Nos enorgullece haber impulsado esta iniciativa que entrega herramientas clave a los habitantes de Puerto Ed\u00e9n, fortaleciendo su autonom\u00eda y preparaci\u00f3n ante emergencias\u00bb, destac\u00f3 Francisco Sandoval, gerente de comunidades.<\/p>\n","protected":false},"excerpt":{"rendered":"<p>Con el objetivo de fortalecer la seguridad y preparaci\u00f3n ante emergencias en comunidades apartadas, AquaChile llev\u00f3 a cabo un curso de Primeros Auxilios en Zonas Remotas (Wilderness First Aid &#8211;&#8230; <a class=\"read-more\" href=\"https:\/\/www.radiopresidenteibanez.cl\/web\/aquachile-y-otec-seguridad-vertical-capacitan-a-la-comunidad-de-puerto-eden-en-primeros-auxilios\/\">Leer m\u00e1s<\/a><\/p>\n","protected":false},"author":2,"featured_media":55199,"comment_status":"closed","ping_status":"closed","sticky":false,"template":"","format":"standard","meta":{"footnotes":""},"categories":[1],"tags":[],"class_list":["post-55198","post","type-post","status-publish","format-standard","has-post-thumbnail","hentry","category-cronica"],"_links":{"self":[{"href":"https:\/\/www.radiopresidenteibanez.cl\/web\/wp-json\/wp\/v2\/posts\/55198","targetHints":{"allow":["GET"]}}],"collection":[{"href":"https:\/\/www.radiopresidenteibanez.cl\/web\/wp-json\/wp\/v2\/posts"}],"about":[{"href":"https:\/\/www.radiopresidenteibanez.cl\/web\/wp-json\/wp\/v2\/types\/post"}],"author":[{"embeddable":true,"href":"https:\/\/www.radiopresidenteibanez.cl\/web\/wp-json\/wp\/v2\/users\/2"}],"replies":[{"embeddable":true,"href":"https:\/\/www.radiopresidenteibanez.cl\/web\/wp-json\/wp\/v2\/comments?post=55198"}],"version-history":[{"count":0,"href":"https:\/\/www.radiopresidenteibanez.cl\/web\/wp-json\/wp\/v2\/posts\/55198\/revisions"}],"wp:featuredmedia":[{"embeddable":true,"href":"https:\/\/www.radiopresidenteibanez.cl\/web\/wp-json\/wp\/v2\/media\/55199"}],"wp:attachment":[{"href":"https:\/\/www.radiopresidenteibanez.cl\/web\/wp-json\/wp\/v2\/media?parent=55198"}],"wp:term":[{"taxonomy":"category","embeddable":true,"href":"https:\/\/www.radiopresidenteibanez.cl\/web\/wp-json\/wp\/v2\/categories?post=55198"},{"taxonomy":"post_tag","embeddable":true,"href":"https:\/\/www.radiopresidenteibanez.cl\/web\/wp-json\/wp\/v2\/tags?post=55198"}],"curies":[{"name":"wp","href":"https:\/\/api.w.org\/{rel}","templated":true}]}}