{"id":5519,"date":"2019-07-02T18:20:52","date_gmt":"2019-07-02T18:20:52","guid":{"rendered":"http:\/\/www.radiopresidenteibanez.cl\/web\/?p=5519"},"modified":"2019-07-02T18:21:18","modified_gmt":"2019-07-02T18:21:18","slug":"con-mas-de-48-stand-y-78-expositores-abre-sus-puertas-este-fin-de-semana-la-7a-muestra-de-coleccionistas-y-maquetistas-de-magallanes","status":"publish","type":"post","link":"https:\/\/www.radiopresidenteibanez.cl\/web\/con-mas-de-48-stand-y-78-expositores-abre-sus-puertas-este-fin-de-semana-la-7a-muestra-de-coleccionistas-y-maquetistas-de-magallanes\/","title":{"rendered":"CON M\u00c1S DE 48 STAND Y 78 EXPOSITORES, ABRE SUS PUERTAS ESTE FIN DE SEMANA LA 7\u00aa.MUESTRA DE COLECCIONISTAS Y MAQUETISTAS DE MAGALLANES"},"content":{"rendered":"\n<p>La Agrupaci\u00f3n de Coleccionistas y Maquetistas de Magallanes \u2013 ACMMAG \u2013 llevar\u00e1 a cabo este 6 y 7 de julio la 7\u00aa Muestra de Coleccionistas, la cual por tercer a\u00f1o consecutivo se lleva adelante en el Instituto Don Bosco.<\/p>\n\n\n\n<p>Patricio Ser\u00f3n Gonz\u00e1lez, Presidente del Centro de Padres y Apoderados del Instituto Don Bosco se\u00f1al\u00f3 que el objetivo de apoyar a los coleccionistas es que ellos puedan mostrar sus tesoros y a la vez nosotros como colegio poder abrirnos a la comunidad, con este tipo de actividades culturales.<\/p>\n\n\n\n<p>La Presidenta de la agrupaci\u00f3n Evelyn C\u00f3rdova Mar\u00edn, destac\u00f3 \u201ccomo directiva estamos muy contentos del trabajo realizado y de la motivaci\u00f3n de nuestros socios, porque esta ser\u00e1 una de las muestras de coleccionistas y Maquetistas de Magallanes m\u00e1s grande que se ha realizado. Montaremos 48 stand y participar\u00e1n alrededor de 78 expositores\u201d.<\/p>\n\n\n\n<p>\u201cAdem\u00e1s es bueno destacar que si bien partimos como un grupo de amigos, ahora estamos legalmente constituidos y esperamos ir creciendo en el futuro, sobretodo porque tenemos la idea de llevar nuestra muestra a otras comunas de la regi\u00f3n\u201d.<\/p>\n\n\n\n<p>En esta 7\u00ba muestra se presentar\u00e1n variadas colecciones, desde monedas, autos a escala, aviones Die Cast, tazones, llaveros, piedras, tarjeter\u00eda, l\u00e1pices, gomas de borrar, autos mini, funko pop, filatelia, pelotas del golf, entre otros muchas colecciones, teniendo este a\u00f1o por primera vez la presentaci\u00f3n de un stand de Ferromodelismo.<\/p>\n\n\n\n<p>La Agrupaci\u00f3n de Coleccionistas y Maquetistas de Magallanes agradece este a\u00f1o el aporte recibido por las empresas Sodimac y Concremag, como as\u00ed tambi\u00e9n el apoyo de la Gobernaci\u00f3n Provincial de Magallanes.<\/p>\n\n\n\n<p>Es por eso que invitan a la comunidad a participar el pr\u00f3ximo s\u00e1bado 6 y domingo 7 de julio a partir de las 14:00 hrs, hasta las 20:00 hrs, de esta nueva versi\u00f3n de la muestra, la que tendr\u00e1 un valor de mil pesos los adultos y 500 pesos los ni\u00f1os y adultos mayores, siendo la entrada por calle Maip\u00fa.<\/p>\n\n\n\n<figure class=\"wp-block-image\"><img loading=\"lazy\" decoding=\"async\" width=\"1024\" height=\"610\" src=\"https:\/\/www.radiopresidenteibanez.cl\/web\/wp-content\/uploads\/2019\/07\/Foto-1-1024x610.jpeg\" alt=\"\" class=\"wp-image-5520\" srcset=\"https:\/\/www.radiopresidenteibanez.cl\/web\/wp-content\/uploads\/2019\/07\/Foto-1-1024x610.jpeg 1024w, https:\/\/www.radiopresidenteibanez.cl\/web\/wp-content\/uploads\/2019\/07\/Foto-1-300x179.jpeg 300w, https:\/\/www.radiopresidenteibanez.cl\/web\/wp-content\/uploads\/2019\/07\/Foto-1-768x457.jpeg 768w, https:\/\/www.radiopresidenteibanez.cl\/web\/wp-content\/uploads\/2019\/07\/Foto-1.jpeg 1280w\" sizes=\"auto, (max-width: 1024px) 100vw, 1024px\" \/><\/figure>\n","protected":false},"excerpt":{"rendered":"<p>La Agrupaci\u00f3n de Coleccionistas y Maquetistas de Magallanes \u2013 ACMMAG \u2013 llevar\u00e1 a cabo este 6 y 7 de julio la 7\u00aa Muestra de Coleccionistas, la cual por tercer a\u00f1o&#8230; <a class=\"read-more\" href=\"https:\/\/www.radiopresidenteibanez.cl\/web\/con-mas-de-48-stand-y-78-expositores-abre-sus-puertas-este-fin-de-semana-la-7a-muestra-de-coleccionistas-y-maquetistas-de-magallanes\/\">Leer m\u00e1s<\/a><\/p>\n","protected":false},"author":2,"featured_media":5520,"comment_status":"closed","ping_status":"closed","sticky":false,"template":"","format":"standard","meta":{"footnotes":""},"categories":[1],"tags":[],"class_list":["post-5519","post","type-post","status-publish","format-standard","has-post-thumbnail","hentry","category-cronica"],"_links":{"self":[{"href":"https:\/\/www.radiopresidenteibanez.cl\/web\/wp-json\/wp\/v2\/posts\/5519","targetHints":{"allow":["GET"]}}],"collection":[{"href":"https:\/\/www.radiopresidenteibanez.cl\/web\/wp-json\/wp\/v2\/posts"}],"about":[{"href":"https:\/\/www.radiopresidenteibanez.cl\/web\/wp-json\/wp\/v2\/types\/post"}],"author":[{"embeddable":true,"href":"https:\/\/www.radiopresidenteibanez.cl\/web\/wp-json\/wp\/v2\/users\/2"}],"replies":[{"embeddable":true,"href":"https:\/\/www.radiopresidenteibanez.cl\/web\/wp-json\/wp\/v2\/comments?post=5519"}],"version-history":[{"count":0,"href":"https:\/\/www.radiopresidenteibanez.cl\/web\/wp-json\/wp\/v2\/posts\/5519\/revisions"}],"wp:featuredmedia":[{"embeddable":true,"href":"https:\/\/www.radiopresidenteibanez.cl\/web\/wp-json\/wp\/v2\/media\/5520"}],"wp:attachment":[{"href":"https:\/\/www.radiopresidenteibanez.cl\/web\/wp-json\/wp\/v2\/media?parent=5519"}],"wp:term":[{"taxonomy":"category","embeddable":true,"href":"https:\/\/www.radiopresidenteibanez.cl\/web\/wp-json\/wp\/v2\/categories?post=5519"},{"taxonomy":"post_tag","embeddable":true,"href":"https:\/\/www.radiopresidenteibanez.cl\/web\/wp-json\/wp\/v2\/tags?post=5519"}],"curies":[{"name":"wp","href":"https:\/\/api.w.org\/{rel}","templated":true}]}}