{"id":55172,"date":"2025-03-23T16:27:00","date_gmt":"2025-03-23T19:27:00","guid":{"rendered":"https:\/\/www.radiopresidenteibanez.cl\/web\/?p=55172"},"modified":"2025-03-23T12:16:10","modified_gmt":"2025-03-23T15:16:10","slug":"umag-firma-convenio-en-beneficio-de-internas-e-internos-de-medicina","status":"publish","type":"post","link":"https:\/\/www.radiopresidenteibanez.cl\/web\/umag-firma-convenio-en-beneficio-de-internas-e-internos-de-medicina\/","title":{"rendered":"UMAG firma convenio en beneficio de internas e internos de Medicina"},"content":{"rendered":"\n<p>En una ceremonia realizada en la Universidad de Magallanes (UMAG), se formaliz\u00f3 la firma de un convenio de colaboraci\u00f3n entre la casa de estudios y la&nbsp;<a href=\"https:\/\/www.falmed.cl\/\" target=\"_blank\" rel=\"noreferrer noopener\">Fundaci\u00f3n de Asistencia Legal del Colegio M\u00e9dico de Chile (FALMED).<\/a><a>&nbsp;<\/a>Este acuerdo beneficiar\u00e1 a las y los estudiantes de la Escuela de Medicina a trav\u00e9s de programas de capacitaci\u00f3n, asesor\u00eda legal y un seguro de protecci\u00f3n en caso de ser necesario.<\/p>\n\n\n\n<p>El acto estuvo encabezado por el rector de la UMAG,&nbsp;<strong>Jos\u00e9 Maripani,<\/strong>&nbsp;junto a autoridades acad\u00e9micas y el directorio de FALMED, representado por su presidente, el doctor&nbsp;<strong>Jaime Sep\u00falveda.<\/strong><\/p>\n\n\n\n<p>El Dr. Sep\u00falveda destac\u00f3 la relevancia de este convenio, conocido como Pre-Falmed, se\u00f1alando que \u201ctiene como objetivo poner a disposici\u00f3n de los internos e internas de la Escuela de Medicina, un programa flexible con contenidos en el \u00e1mbito m\u00e9dico legal, ficha cl\u00ednica electr\u00f3nica, consentimiento informado y responsabilidades legales emanadas del acto m\u00e9dico\u00bb.<\/p>\n\n\n\n<p>A su vez, enfatiz\u00f3 que, este programa, busca que las y los estudiantes puedan iniciar su desempe\u00f1o profesional seguros, conociendo aquellos aspectos que en las mallas curriculares se tocan de manera superficial y que, aqu\u00ed, se podr\u00e1n profundizar con el apoyo de un equipo de abogados especializados y m\u00e9dicos expertos en materia m\u00e9dico-legal.<\/p>\n\n\n\n<p>En cuanto a los beneficios concretos para las y los internos, el Dr. Jaime Sep\u00falveda detall\u00f3 que \u201cse traducen en un programa de formaci\u00f3n y capacitaci\u00f3n, asesor\u00eda legal, asesor\u00eda comunicacional, defensa si fuera necesario e, incluso, protecci\u00f3n a trav\u00e9s de un seguro\u201d.<\/p>\n\n\n\n<p>El rector de la UMAG, Jos\u00e9 Maripani, valor\u00f3 la firma de este convenio, al resaltar su impacto no solo en la universidad, sino en toda la regi\u00f3n. \u201cEste acuerdo acerca a los m\u00e9dicos de nuestra regi\u00f3n a la posibilidad de capacitaciones, y tambi\u00e9n permite que abogados locales, interesados en estas tem\u00e1ticas, se involucren. Pero lo m\u00e1s relevante es Pre-Falmed, ya que permite que nuestras y nuestros estudiantes de Medicina cuenten con un seguro que les brinda asesor\u00eda y representaci\u00f3n legal si fuese necesario. Sabemos que la pr\u00e1ctica m\u00e9dica es crucial para la sociedad, pero cuando surgen dificultades legales, enfrentarlas solos es muy complejo\u00bb, expres\u00f3.<\/p>\n\n\n\n<p>Adem\u00e1s, agreg\u00f3 que el convenio incluye la entrega de tres tomos sobre medicina desde el punto de vista legal, los cuales estar\u00e1n disponibles para la carrera de Derecho de la universidad.<\/p>\n\n\n\n<p>El presidente del Colegio M\u00e9dico en Magallanes, doctor Jos\u00e9 Antonio Sep\u00falveda, realz\u00f3 este hito, al subrayar que \u201cesto era un largo anhelo del Consejo Regional Magallanes, para que la Escuela de Medicina de la UMAG tenga protecci\u00f3n legal y un v\u00ednculo m\u00e1s estrecho con el Colegio M\u00e9dico. Nuestros internos de sexto y s\u00e9ptimo a\u00f1o participan activamente en procedimientos cl\u00ednicos, toman decisiones m\u00e9dicas y, aunque est\u00e1n siempre supervisados, es fundamental que cuenten con esta protecci\u00f3n legal\u201d, cerr\u00f3.&nbsp;<\/p>\n","protected":false},"excerpt":{"rendered":"<p>En una ceremonia realizada en la Universidad de Magallanes (UMAG), se formaliz\u00f3 la firma de un convenio de colaboraci\u00f3n entre la casa de estudios y la&nbsp;Fundaci\u00f3n de Asistencia Legal del&#8230; <a class=\"read-more\" href=\"https:\/\/www.radiopresidenteibanez.cl\/web\/umag-firma-convenio-en-beneficio-de-internas-e-internos-de-medicina\/\">Leer m\u00e1s<\/a><\/p>\n","protected":false},"author":2,"featured_media":55173,"comment_status":"closed","ping_status":"closed","sticky":false,"template":"","format":"standard","meta":{"footnotes":""},"categories":[1],"tags":[],"class_list":["post-55172","post","type-post","status-publish","format-standard","has-post-thumbnail","hentry","category-cronica"],"_links":{"self":[{"href":"https:\/\/www.radiopresidenteibanez.cl\/web\/wp-json\/wp\/v2\/posts\/55172","targetHints":{"allow":["GET"]}}],"collection":[{"href":"https:\/\/www.radiopresidenteibanez.cl\/web\/wp-json\/wp\/v2\/posts"}],"about":[{"href":"https:\/\/www.radiopresidenteibanez.cl\/web\/wp-json\/wp\/v2\/types\/post"}],"author":[{"embeddable":true,"href":"https:\/\/www.radiopresidenteibanez.cl\/web\/wp-json\/wp\/v2\/users\/2"}],"replies":[{"embeddable":true,"href":"https:\/\/www.radiopresidenteibanez.cl\/web\/wp-json\/wp\/v2\/comments?post=55172"}],"version-history":[{"count":0,"href":"https:\/\/www.radiopresidenteibanez.cl\/web\/wp-json\/wp\/v2\/posts\/55172\/revisions"}],"wp:featuredmedia":[{"embeddable":true,"href":"https:\/\/www.radiopresidenteibanez.cl\/web\/wp-json\/wp\/v2\/media\/55173"}],"wp:attachment":[{"href":"https:\/\/www.radiopresidenteibanez.cl\/web\/wp-json\/wp\/v2\/media?parent=55172"}],"wp:term":[{"taxonomy":"category","embeddable":true,"href":"https:\/\/www.radiopresidenteibanez.cl\/web\/wp-json\/wp\/v2\/categories?post=55172"},{"taxonomy":"post_tag","embeddable":true,"href":"https:\/\/www.radiopresidenteibanez.cl\/web\/wp-json\/wp\/v2\/tags?post=55172"}],"curies":[{"name":"wp","href":"https:\/\/api.w.org\/{rel}","templated":true}]}}