{"id":55155,"date":"2025-03-21T12:39:00","date_gmt":"2025-03-21T15:39:00","guid":{"rendered":"https:\/\/www.radiopresidenteibanez.cl\/web\/?p=55155"},"modified":"2025-03-21T11:26:43","modified_gmt":"2025-03-21T14:26:43","slug":"el-mercado-campesino-llega-a-sodimac-con-lo-mejor-de-la-cosecha-local","status":"publish","type":"post","link":"https:\/\/www.radiopresidenteibanez.cl\/web\/el-mercado-campesino-llega-a-sodimac-con-lo-mejor-de-la-cosecha-local\/","title":{"rendered":"El Mercado Campesino llega a Sodimac con lo mejor de la cosecha local"},"content":{"rendered":"\n<p>Los habituales compradores de Sodimac fueron recibidos esta ma\u00f1ana con una grata sorpresa: el aroma de hortalizas frescas invadi\u00f3 el recinto con la instalaci\u00f3n del Mercado Campesino de INDAP, que estar\u00e1 atendiendo desde este viernes 21 hasta el domingo 23 de marzo.<\/p>\n\n\n\n<p>Este mercado, que ya es una marca reconocida de los agricultores de la regi\u00f3n, destaca por ofrecer productos de excelente calidad, cosechados el mismo d\u00eda y cultivados principalmente de manera org\u00e1nica, sin pesticidas y con pr\u00e1cticas sustentables.<\/p>\n\n\n\n<p>Esta vez, un grupo de agricultoras usuarias de INDAP present\u00f3&nbsp;a la comunidad lo mejor de la temporada, en un espacio posible gracias al apoyo de Sodimac, ubicado en Avenida Eduardo Frei 01400.&nbsp;&nbsp;<\/p>\n\n\n\n<p>Erna Villarroel, agricultora y participante del Mercado Campesino, valor\u00f3 la oportunidad de acercar el campo a la ciudad y destac\u00f3 el esfuerzo detr\u00e1s de cada cosecha. \u00abLlegar a la mesa de los consumidores con productos frescos y saludables no es f\u00e1cil en Magallanes. Cultivamos en un clima desafiante, con d\u00edas cortos y temperaturas bajas, pero con esfuerzo y el apoyo de INDAP, cada vez le vamos ganando m\u00e1s terreno al invierno. Hoy, gracias a invernaderos y nuevas t\u00e9cnicas, podemos producir por m\u00e1s tiempo y ofrecer hortalizas reci\u00e9n cosechadas, sin qu\u00edmicos y con el cari\u00f1o de siempre. Invitamos a la comunidad a que nos visite en Sodimac y aproveche lo mejor de la temporada\u00bb.<\/p>\n\n\n\n<p>A su vez, agradeci\u00f3 la buena atenci\u00f3n de los trabajadores de Sodimac.<\/p>\n\n\n\n<p>Durante la presente temporada, los Mercados Campesinos de INDAP han estado presentes en distintos puntos de la ciudad, consolid\u00e1ndose como una tradici\u00f3n en Magallanes y acercando alimentos frescos y saludables a la comunidad.&nbsp;<\/p>\n\n\n\n<p>Actualmente, se mantienen operativos en:<\/p>\n\n\n\n<p>Cesfam Thom\u00e1s Fenton \u2013 Martes y jueves&nbsp;en la ma\u00f1ana<br>Cesfam Juan Damianovic \u2013 Jueves en la ma\u00f1ana<br>Mall Espacio Urbano \u2013 Viernes y s\u00e1bado, durante la ma\u00f1ana y hata las 15 horas.<\/p>\n","protected":false},"excerpt":{"rendered":"<p>Los habituales compradores de Sodimac fueron recibidos esta ma\u00f1ana con una grata sorpresa: el aroma de hortalizas frescas invadi\u00f3 el recinto con la instalaci\u00f3n del Mercado Campesino de INDAP, que&#8230; <a class=\"read-more\" href=\"https:\/\/www.radiopresidenteibanez.cl\/web\/el-mercado-campesino-llega-a-sodimac-con-lo-mejor-de-la-cosecha-local\/\">Leer m\u00e1s<\/a><\/p>\n","protected":false},"author":2,"featured_media":55156,"comment_status":"closed","ping_status":"closed","sticky":false,"template":"","format":"standard","meta":{"footnotes":""},"categories":[1],"tags":[],"class_list":["post-55155","post","type-post","status-publish","format-standard","has-post-thumbnail","hentry","category-cronica"],"_links":{"self":[{"href":"https:\/\/www.radiopresidenteibanez.cl\/web\/wp-json\/wp\/v2\/posts\/55155","targetHints":{"allow":["GET"]}}],"collection":[{"href":"https:\/\/www.radiopresidenteibanez.cl\/web\/wp-json\/wp\/v2\/posts"}],"about":[{"href":"https:\/\/www.radiopresidenteibanez.cl\/web\/wp-json\/wp\/v2\/types\/post"}],"author":[{"embeddable":true,"href":"https:\/\/www.radiopresidenteibanez.cl\/web\/wp-json\/wp\/v2\/users\/2"}],"replies":[{"embeddable":true,"href":"https:\/\/www.radiopresidenteibanez.cl\/web\/wp-json\/wp\/v2\/comments?post=55155"}],"version-history":[{"count":0,"href":"https:\/\/www.radiopresidenteibanez.cl\/web\/wp-json\/wp\/v2\/posts\/55155\/revisions"}],"wp:featuredmedia":[{"embeddable":true,"href":"https:\/\/www.radiopresidenteibanez.cl\/web\/wp-json\/wp\/v2\/media\/55156"}],"wp:attachment":[{"href":"https:\/\/www.radiopresidenteibanez.cl\/web\/wp-json\/wp\/v2\/media?parent=55155"}],"wp:term":[{"taxonomy":"category","embeddable":true,"href":"https:\/\/www.radiopresidenteibanez.cl\/web\/wp-json\/wp\/v2\/categories?post=55155"},{"taxonomy":"post_tag","embeddable":true,"href":"https:\/\/www.radiopresidenteibanez.cl\/web\/wp-json\/wp\/v2\/tags?post=55155"}],"curies":[{"name":"wp","href":"https:\/\/api.w.org\/{rel}","templated":true}]}}