{"id":5515,"date":"2019-04-26T17:14:41","date_gmt":"2019-04-26T17:14:41","guid":{"rendered":"http:\/\/www.radiopresidenteibanez.cl\/web\/?p=5515"},"modified":"2019-07-02T17:19:30","modified_gmt":"2019-07-02T17:19:30","slug":"desafios-corfo-para-los-proximos-80-anos","status":"publish","type":"post","link":"https:\/\/www.radiopresidenteibanez.cl\/web\/desafios-corfo-para-los-proximos-80-anos\/","title":{"rendered":"DESAF\u00cdOS CORFO PARA LOS PR\u00d3XIMOS 80 A\u00d1OS"},"content":{"rendered":"\n<p>El terremoto de Chill\u00e1n de\nenero de 1939 dej\u00f3 al descubierto la imperiosa necesidad que ten\u00eda Chile de\nmodernizar el modelo econ\u00f3mico de la \u00e9poca. El mundo se encontraba en crisis y\nera necesario tomar medidas para sentar las bases de la industrializaci\u00f3n del\npa\u00eds. <\/p>\n\n\n\n<p>As\u00ed nace la Corporaci\u00f3n de\nFomento a la Producci\u00f3n Corfo, quien fuera la creadora de importantes empresas p\u00fablicas estrat\u00e9gicas y un \u00f3rgano\nesencial para el apoyo de la inversi\u00f3n privada.<\/p>\n\n\n\n<p>As\u00ed nacieron las primeras centrales hidroel\u00e9ctricas, refiner\u00edas,\nla Planta Celulosa Arauco, la Compa\u00f1\u00eda de Acero del Pac\u00edfico, la Industria\nAzucarera Nacional (Iansa), la Empresa Nacional de Telecomunicaciones (Entel) y\nTelevisi\u00f3n Nacional de Chile, tras identificar los sectores productivos\nnacionales m\u00e1s importantes en la agricultura, ganader\u00eda, electricidad,\ncomunicaciones, miner\u00eda y pesca. <\/p>\n\n\n\n<p>La Corporaci\u00f3n entreg\u00f3 herramientas para ayudar a las\nempresas a generar empleos &nbsp;&nbsp;e impuls\u00f3 la investigaci\u00f3n y la asistencia\nt\u00e9cnica a la industria con la creaci\u00f3n de Sercotec, Inacap y el Instituto de\nFomento Pesquero, IFOP. <\/p>\n\n\n\n<p>Al cambiar el milenio, el foco de la Corporaci\u00f3n gir\u00f3\na las empresas de menor tama\u00f1o. Para elevar su competitividad, la de las\ncadenas productivas y la del entorno empresarial, formando redes entre s\u00ed. Otro\nde los desaf\u00edos asumidos fue lograr la inversi\u00f3n de capitales extranjeros en\nlas diversas regiones del pa\u00eds.&nbsp; <\/p>\n\n\n\n<p>Cumplidas estas metas, el reto\ndel siglo XXI sigue siendo impactar el desarrollo, pero desde otra mirada, ya\nque nuestra econom\u00eda abierta al mundo tiene que ampliar su base para\nconvertirnos en un pa\u00eds m\u00e1s competitivo.<\/p>\n\n\n\n<p>Hay que dejar de explotar los recursos naturales y mejorar la diversificaci\u00f3n productiva del pa\u00eds, a\ntrav\u00e9s del fomento a la inversi\u00f3n, la innovaci\u00f3n y el emprendimiento,\nfortaleciendo adem\u00e1s el capital humano y las capacidades tecnol\u00f3gicas\n&nbsp;para alcanzar el desarrollo sostenible y territorialmente equilibrado. <\/p>\n\n\n\n<p>Esa es parte de nuestra misi\u00f3n para nuestros pr\u00f3ximos 80 a\u00f1os: ser una agencia de\nclase mundial que articula en forma\ncolaborativa ecosistemas productivos y sectores con alto potencial para\nproyectar a Chile hacia la nueva econom\u00eda del conocimiento, en el siglo XXI.<\/p>\n\n\n\n<p>Con estos cambios no s\u00f3lo buscamos mejorar nuestra cobertura. Queremos atender a los emprendedores e innovadores con el sentido de oportunidad y urgencia que merecen. Sabemos que estamos en un mundo que cambia vertiginosamente,\u00a0por lo que debemos mantener este esfuerzo de renovaci\u00f3n constantemente. Una Corfo siempre en movimiento, m\u00e1s simple, m\u00e1s \u00e1gil y m\u00e1s cercana. <\/p>\n\n\n\n<figure class=\"wp-block-image\"><img loading=\"lazy\" decoding=\"async\" width=\"806\" height=\"1024\" src=\"https:\/\/www.radiopresidenteibanez.cl\/web\/wp-content\/uploads\/2019\/07\/DR-CORFO-Marcelo-Canobra-806x1024.jpg\" alt=\"\" class=\"wp-image-5516\" srcset=\"https:\/\/www.radiopresidenteibanez.cl\/web\/wp-content\/uploads\/2019\/07\/DR-CORFO-Marcelo-Canobra-806x1024.jpg 806w, https:\/\/www.radiopresidenteibanez.cl\/web\/wp-content\/uploads\/2019\/07\/DR-CORFO-Marcelo-Canobra-236x300.jpg 236w, https:\/\/www.radiopresidenteibanez.cl\/web\/wp-content\/uploads\/2019\/07\/DR-CORFO-Marcelo-Canobra-768x975.jpg 768w, https:\/\/www.radiopresidenteibanez.cl\/web\/wp-content\/uploads\/2019\/07\/DR-CORFO-Marcelo-Canobra.jpg 900w\" sizes=\"auto, (max-width: 806px) 100vw, 806px\" \/><\/figure>\n","protected":false},"excerpt":{"rendered":"<p>El terremoto de Chill\u00e1n de enero de 1939 dej\u00f3 al descubierto la imperiosa necesidad que ten\u00eda Chile de modernizar el modelo econ\u00f3mico de la \u00e9poca. El mundo se encontraba en&#8230; <a class=\"read-more\" href=\"https:\/\/www.radiopresidenteibanez.cl\/web\/desafios-corfo-para-los-proximos-80-anos\/\">Leer m\u00e1s<\/a><\/p>\n","protected":false},"author":2,"featured_media":5517,"comment_status":"closed","ping_status":"closed","sticky":false,"template":"","format":"standard","meta":{"footnotes":""},"categories":[1],"tags":[],"class_list":["post-5515","post","type-post","status-publish","format-standard","has-post-thumbnail","hentry","category-cronica"],"_links":{"self":[{"href":"https:\/\/www.radiopresidenteibanez.cl\/web\/wp-json\/wp\/v2\/posts\/5515","targetHints":{"allow":["GET"]}}],"collection":[{"href":"https:\/\/www.radiopresidenteibanez.cl\/web\/wp-json\/wp\/v2\/posts"}],"about":[{"href":"https:\/\/www.radiopresidenteibanez.cl\/web\/wp-json\/wp\/v2\/types\/post"}],"author":[{"embeddable":true,"href":"https:\/\/www.radiopresidenteibanez.cl\/web\/wp-json\/wp\/v2\/users\/2"}],"replies":[{"embeddable":true,"href":"https:\/\/www.radiopresidenteibanez.cl\/web\/wp-json\/wp\/v2\/comments?post=5515"}],"version-history":[{"count":0,"href":"https:\/\/www.radiopresidenteibanez.cl\/web\/wp-json\/wp\/v2\/posts\/5515\/revisions"}],"wp:featuredmedia":[{"embeddable":true,"href":"https:\/\/www.radiopresidenteibanez.cl\/web\/wp-json\/wp\/v2\/media\/5517"}],"wp:attachment":[{"href":"https:\/\/www.radiopresidenteibanez.cl\/web\/wp-json\/wp\/v2\/media?parent=5515"}],"wp:term":[{"taxonomy":"category","embeddable":true,"href":"https:\/\/www.radiopresidenteibanez.cl\/web\/wp-json\/wp\/v2\/categories?post=5515"},{"taxonomy":"post_tag","embeddable":true,"href":"https:\/\/www.radiopresidenteibanez.cl\/web\/wp-json\/wp\/v2\/tags?post=5515"}],"curies":[{"name":"wp","href":"https:\/\/api.w.org\/{rel}","templated":true}]}}