{"id":55149,"date":"2025-03-21T11:03:00","date_gmt":"2025-03-21T14:03:00","guid":{"rendered":"https:\/\/www.radiopresidenteibanez.cl\/web\/?p=55149"},"modified":"2025-03-21T09:56:08","modified_gmt":"2025-03-21T12:56:08","slug":"alta-convocatoria-de-socias-a-evento-enap-tiene-nombre-de-mujer-liderado-por-sindicato-de-trabajadores-enap-magallanes","status":"publish","type":"post","link":"https:\/\/www.radiopresidenteibanez.cl\/web\/alta-convocatoria-de-socias-a-evento-enap-tiene-nombre-de-mujer-liderado-por-sindicato-de-trabajadores-enap-magallanes\/","title":{"rendered":"Alta convocatoria de socias a evento \u201cENAP TIENE NOMBRE DE MUJER\u201d liderado por Sindicato de Trabajadores ENAP Magallanes"},"content":{"rendered":"\n<p>Poco m\u00e1s de 30 mujeres fueron parte del evento \u201cENAP TIENE NOMBRE DE MUJER\u201d, organizado por el Sindicato de Trabajadores de Enap Magallanes y que se desarroll\u00f3 en el sal\u00f3n de eventos de la Mutual de Seguridad. Dicha actividad cont\u00f3 con la presencia de Laura Albornoz, directora de la Empresa Nacional del Petr\u00f3leo y de la Presidenta del Sindicato de trabajadores, Graciela V\u00e1squez.<\/p>\n\n\n\n<p>A trav\u00e9s de la ponencia de la Psic\u00f3loga y Couch, Alejandra Munizaga, denominada \u201cMujeres que Transforman el Mundo Laboral\u201d, se fueron instalando temas de conversaci\u00f3n que hoy en d\u00eda cobran mucha importancia al interior de la empresa y que fueron abordadas con especial atenci\u00f3n por parte de la directora ENAP, Sra. Laura Albornoz.<\/p>\n\n\n\n<p>En ese sentido Graciela V\u00e1squez precis\u00f3 que, \u201cestamos muy agradecidas que se haya generado esta instancia de di\u00e1logo sincero y participativo entre nuestras socias dado que la actividad permiti\u00f3 visibilizar problem\u00e1ticas existentes al interior de la empresa en diferentes materias que las afectan permitiendo conocer la perspectiva de cada una de ellas de acuerdo a sus puestos de trabajo, porque se convocaron tanto mujeres del \u00e1rea administrativa como mujeres del \u00e1rea operativa.&nbsp;<\/p>\n\n\n\n<p>Por otro lado, estamos muy complacidas que Laura, que ven\u00eda llegando de la ONU y que pr\u00e1cticamente se baj\u00f3 del aeropuerto para estar presente, haya hecho un espacio en su agenda para participar de este evento y escuchar a las trabajadoras de ENAP.&nbsp; Creemos que en materia de derecho de las mujeres, equidad de g\u00e9nero e inclusi\u00f3n, no basta con mirar desde el escritorio la realidad de las personas sino que cobra mayor relevancia cuando estas presente y prestando o\u00eddo a las necesidades que imperan hoy en d\u00eda y m\u00e1s, cuando hay pretensiones en certificar en la norma 3262.&nbsp; Esperamos perpetuar en el tiempo otras versiones de ENAP TIENE NOMBRE DE MUJER.<\/p>\n\n\n\n<p>Algunas de las trabajadoras asistentes entregaron su testimonio y destacaron que se propicien este tipo de instancias.<\/p>\n\n\n\n<p>\u201cEs una tremenda oportunidad para poder compartir con nuestras compa\u00f1eras de trabajo y escuchar de ellas sus experiencias relacionadas al mundo laboral\u201d, Vania Strello, jefa de \u00c1rea del Laboratorio de Certificaci\u00f3n de Combustibles de Cabo Negro.<\/p>\n\n\n\n<p>\u201cEsta es la segunda oportunidad que tengo de asistir a un encuentro de mujeres de Enap, el primero fue en el Biob\u00edo, y siempre este tipo de encuentros ayuda para visibilizar los problemas que tenemos en las diversas \u00e1reas de trabajo, tambi\u00e9n para fortalecernos y buscar las herramientas para tener mayor liderazgo y equilibrar nuestra vida personal con la laboral\u201d, Paola C\u00e1rdenas, encargada del Terminal Mar\u00edtimo de Enap Magallanes.<\/p>\n","protected":false},"excerpt":{"rendered":"<p>Poco m\u00e1s de 30 mujeres fueron parte del evento \u201cENAP TIENE NOMBRE DE MUJER\u201d, organizado por el Sindicato de Trabajadores de Enap Magallanes y que se desarroll\u00f3 en el sal\u00f3n&#8230; <a class=\"read-more\" href=\"https:\/\/www.radiopresidenteibanez.cl\/web\/alta-convocatoria-de-socias-a-evento-enap-tiene-nombre-de-mujer-liderado-por-sindicato-de-trabajadores-enap-magallanes\/\">Leer m\u00e1s<\/a><\/p>\n","protected":false},"author":2,"featured_media":55150,"comment_status":"closed","ping_status":"closed","sticky":false,"template":"","format":"standard","meta":{"footnotes":""},"categories":[1],"tags":[],"class_list":["post-55149","post","type-post","status-publish","format-standard","has-post-thumbnail","hentry","category-cronica"],"_links":{"self":[{"href":"https:\/\/www.radiopresidenteibanez.cl\/web\/wp-json\/wp\/v2\/posts\/55149","targetHints":{"allow":["GET"]}}],"collection":[{"href":"https:\/\/www.radiopresidenteibanez.cl\/web\/wp-json\/wp\/v2\/posts"}],"about":[{"href":"https:\/\/www.radiopresidenteibanez.cl\/web\/wp-json\/wp\/v2\/types\/post"}],"author":[{"embeddable":true,"href":"https:\/\/www.radiopresidenteibanez.cl\/web\/wp-json\/wp\/v2\/users\/2"}],"replies":[{"embeddable":true,"href":"https:\/\/www.radiopresidenteibanez.cl\/web\/wp-json\/wp\/v2\/comments?post=55149"}],"version-history":[{"count":0,"href":"https:\/\/www.radiopresidenteibanez.cl\/web\/wp-json\/wp\/v2\/posts\/55149\/revisions"}],"wp:featuredmedia":[{"embeddable":true,"href":"https:\/\/www.radiopresidenteibanez.cl\/web\/wp-json\/wp\/v2\/media\/55150"}],"wp:attachment":[{"href":"https:\/\/www.radiopresidenteibanez.cl\/web\/wp-json\/wp\/v2\/media?parent=55149"}],"wp:term":[{"taxonomy":"category","embeddable":true,"href":"https:\/\/www.radiopresidenteibanez.cl\/web\/wp-json\/wp\/v2\/categories?post=55149"},{"taxonomy":"post_tag","embeddable":true,"href":"https:\/\/www.radiopresidenteibanez.cl\/web\/wp-json\/wp\/v2\/tags?post=55149"}],"curies":[{"name":"wp","href":"https:\/\/api.w.org\/{rel}","templated":true}]}}