{"id":5512,"date":"2019-07-02T17:13:46","date_gmt":"2019-07-02T17:13:46","guid":{"rendered":"http:\/\/www.radiopresidenteibanez.cl\/web\/?p=5512"},"modified":"2019-07-02T17:14:13","modified_gmt":"2019-07-02T17:14:13","slug":"con-cerca-de-500-pasajeros-y-anunciando-concurso-para-sus-usuarios-via-austral-inicio-nuevos-recorridos-en-punta-arenas","status":"publish","type":"post","link":"https:\/\/www.radiopresidenteibanez.cl\/web\/con-cerca-de-500-pasajeros-y-anunciando-concurso-para-sus-usuarios-via-austral-inicio-nuevos-recorridos-en-punta-arenas\/","title":{"rendered":"CON CERCA DE 500 PASAJEROS Y ANUNCIANDO CONCURSO PARA SUS USUARIOS, V\u00cdA AUSTRAL INICI\u00d3 NUEVOS RECORRIDOS EN PUNTA ARENAS"},"content":{"rendered":"\n<p>Cargado de\nnovedades lleg\u00f3 este nuevo mes para la empresa Inversiones Australes, operador\ndel transporte mayor V\u00eda Austral de Punta Arenas, ya que la ma\u00f1ana de este\nlunes 1 de julio se dio inicio al concurso \u201cDale Valor a Tu Boleto\u201d, junto con\nel inicio de dos nuevos recorridos que dar\u00e1n cobertura a nuevos sectores de la\nciudad.<\/p>\n\n\n\n<p>Junto al\nsecretario regional ministerial de Transportes y Telecomunicaciones, Marco\nMella, el gerente de Operaciones de V\u00eda Austral, Ricardo Mac-Namara, entreg\u00f3\ndetalles de los nuevos servicios, los cuales, adem\u00e1s de ampliar la cobertura\ndel sistema, permitir\u00e1n a pasajeros que antes no pod\u00edan, acceder a lugares como\nel Hospital Cl\u00ednico de Magallanes y consultorios de la comuna.<\/p>\n\n\n\n<p>Explic\u00f3 el seremi\nMella que, con los nuevos trayectos, usuarios del barrio Archipi\u00e9lago de Chilo\u00e9\npodr\u00e1n acceder al Hospital Cl\u00ednico de Magallanes en menos tiempo, m\u00e1s si se\nconsidera que adem\u00e1s de los nuevos recorridos, se implementaron servicios\ndirectos entre el extremo sur y el hospital; y el extremo sur y el centro de la\nciudad.<\/p>\n\n\n\n<p><strong>Dale Valor a tu boleto<\/strong><\/p>\n\n\n\n<p>Junto con la\nextensi\u00f3n de los servicios, V\u00eda Austral anunci\u00f3 un concurso para los usuarios\nde los buses, quienes, guardando su boleto, podr\u00e1n solicitar cupones con los\nque participar\u00e1n mes a mes en 30 canastas familiares.<\/p>\n\n\n\n<p>Al respecto,\nexplic\u00f3 el gerente de Operaciones que el pasajero debe reunir dos boletos de\nadulto, dos boletos de adulto mayor, o tres boletos de escolares, canjearlos por\nun cup\u00f3n en los puntos habilitados (ZonAustral, Hospital Cl\u00ednico, IPS y en las\noficinas de V\u00eda Austral), llenar los datos y depositarlo en los buzones para\ncomenzar a participar. Se realizar\u00e1n dos sorteos mensuales, con un total de 30\ncanastas familiares al mes.<\/p>\n\n\n\n<p><strong>L\u00edneas 5 y 9<\/strong><\/p>\n\n\n\n<p>Respecto de los\nnuevos recorridos, se detall\u00f3 que la l\u00ednea 5, la cual saldr\u00e1 desde el extremo\nsur-poniente, espec\u00edficamente desde calle Ram\u00f3n Carnicer con Avenida\nCircunvalaci\u00f3n, en la Villa Alto Andino, pasar\u00e1 por afuera de la c\u00e1rcel de la\nciudad hacia la poblaci\u00f3n Juan Pablo II, para luego transitar hacia Loteo del\nMar, para volver por calle Pedro B\u00f3rquez y Bah\u00eda Decepci\u00f3n, hacia Avenida\nSalvador Allende, hasta el centro.<\/p>\n\n\n\n<p>Luego, circular\u00e1\npor calle Magallanes y Avenida Bulnes hasta calles Angamos, Sargento Aldea y\nManuel Aguilar, hasta la \u00faltima etapa de Jard\u00edn de la Patagonia; despu\u00e9s por Avenida\nFrei hacia Villa Condell primero y luego, hacia Villa Alfredo Lorca, para\nvolver a Avenida Eduardo Frei y continuar hacia el Hospital Cl\u00ednico, calle Los\nFlamencos y luego por el frontis de Zona Franca hasta Tres Puentes, para\nconcluir por el ingreso de Avenida Costanera, hasta el interior de Zona Franca.<\/p>\n\n\n\n<p>En tanto, la\nl\u00ednea 9 partir\u00e1 su recorrido desde Carlos Gonz\u00e1lez Yaksic con Alcalde Juan Poblete,\nen la Villa Nelda Panicucci, para circular por Pedro Aguirre Cerda hacia el Barrio\n18 de Septiembre, pasando Avenida Salvador Allende hacia el consultorio Carlos\nIb\u00e1\u00f1ez. Luego, se dirigir\u00e1 por calle Ignacio Carrera Pinto hacia Cerro de la\nCruz, para retomar despu\u00e9s por calle Arauco, Avenida Independencia y dirigirse\nal centro.<\/p>\n\n\n\n<p>Luego de calle\nMagallanes, los buses continuar\u00e1n por Bulnes hasta Jos\u00e9 Miguel Carrera, luego\npor Capit\u00e1n Guillermos frente al consultorio Mateo Bencur hasta Avenida Frei,\nposteriormente por calle Hornillas hacia la poblaci\u00f3n Cardenal Ra\u00fal Silva\nHenr\u00edquez, pasando por Capkovic hasta Manantiales, para tomar por Avenida\nEduardo Frei el recorrido hasta el interior del recinto del Hospital Cl\u00ednico de\nMagallanes.<\/p>\n\n\n\n<p>Cabe se\u00f1alar que s\u00f3lo durante la ma\u00f1ana de este lunes, alrededor de 500 personas utilizaron los nuevos recorridos establecidos, cifra que se espera vaya en incremento a medida que la comunidad se vaya familiarizando con las nuevas rutas. Asimismo, el inicio de las l\u00edneas 5 y 9 se llev\u00f3 a cabo sin mayores contratiempos, salvo una m\u00e1quina que sufri\u00f3 un desperfecto t\u00e9cnico en Avenida Espa\u00f1a, problema que fue subsanado por la empresa y que no revisti\u00f3 mayor complicaci\u00f3n para los usuarios, ya que otro veh\u00edculo acudi\u00f3 para continuar con el trayecto. <\/p>\n\n\n\n<figure class=\"wp-block-image\"><img loading=\"lazy\" decoding=\"async\" width=\"1024\" height=\"899\" src=\"https:\/\/www.radiopresidenteibanez.cl\/web\/wp-content\/uploads\/2019\/07\/AFICHE-BOLETO-70X80-1024x899.jpg\" alt=\"\" class=\"wp-image-5513\" srcset=\"https:\/\/www.radiopresidenteibanez.cl\/web\/wp-content\/uploads\/2019\/07\/AFICHE-BOLETO-70X80-1024x899.jpg 1024w, https:\/\/www.radiopresidenteibanez.cl\/web\/wp-content\/uploads\/2019\/07\/AFICHE-BOLETO-70X80-300x263.jpg 300w, https:\/\/www.radiopresidenteibanez.cl\/web\/wp-content\/uploads\/2019\/07\/AFICHE-BOLETO-70X80-768x674.jpg 768w, https:\/\/www.radiopresidenteibanez.cl\/web\/wp-content\/uploads\/2019\/07\/AFICHE-BOLETO-70X80.jpg 2000w\" sizes=\"auto, (max-width: 1024px) 100vw, 1024px\" \/><\/figure>\n","protected":false},"excerpt":{"rendered":"<p>Cargado de novedades lleg\u00f3 este nuevo mes para la empresa Inversiones Australes, operador del transporte mayor V\u00eda Austral de Punta Arenas, ya que la ma\u00f1ana de este lunes 1 de&#8230; <a class=\"read-more\" href=\"https:\/\/www.radiopresidenteibanez.cl\/web\/con-cerca-de-500-pasajeros-y-anunciando-concurso-para-sus-usuarios-via-austral-inicio-nuevos-recorridos-en-punta-arenas\/\">Leer m\u00e1s<\/a><\/p>\n","protected":false},"author":2,"featured_media":5513,"comment_status":"closed","ping_status":"closed","sticky":false,"template":"","format":"standard","meta":{"footnotes":""},"categories":[1],"tags":[],"class_list":["post-5512","post","type-post","status-publish","format-standard","has-post-thumbnail","hentry","category-cronica"],"_links":{"self":[{"href":"https:\/\/www.radiopresidenteibanez.cl\/web\/wp-json\/wp\/v2\/posts\/5512","targetHints":{"allow":["GET"]}}],"collection":[{"href":"https:\/\/www.radiopresidenteibanez.cl\/web\/wp-json\/wp\/v2\/posts"}],"about":[{"href":"https:\/\/www.radiopresidenteibanez.cl\/web\/wp-json\/wp\/v2\/types\/post"}],"author":[{"embeddable":true,"href":"https:\/\/www.radiopresidenteibanez.cl\/web\/wp-json\/wp\/v2\/users\/2"}],"replies":[{"embeddable":true,"href":"https:\/\/www.radiopresidenteibanez.cl\/web\/wp-json\/wp\/v2\/comments?post=5512"}],"version-history":[{"count":0,"href":"https:\/\/www.radiopresidenteibanez.cl\/web\/wp-json\/wp\/v2\/posts\/5512\/revisions"}],"wp:featuredmedia":[{"embeddable":true,"href":"https:\/\/www.radiopresidenteibanez.cl\/web\/wp-json\/wp\/v2\/media\/5513"}],"wp:attachment":[{"href":"https:\/\/www.radiopresidenteibanez.cl\/web\/wp-json\/wp\/v2\/media?parent=5512"}],"wp:term":[{"taxonomy":"category","embeddable":true,"href":"https:\/\/www.radiopresidenteibanez.cl\/web\/wp-json\/wp\/v2\/categories?post=5512"},{"taxonomy":"post_tag","embeddable":true,"href":"https:\/\/www.radiopresidenteibanez.cl\/web\/wp-json\/wp\/v2\/tags?post=5512"}],"curies":[{"name":"wp","href":"https:\/\/api.w.org\/{rel}","templated":true}]}}