{"id":55104,"date":"2025-03-19T16:55:00","date_gmt":"2025-03-19T19:55:00","guid":{"rendered":"https:\/\/www.radiopresidenteibanez.cl\/web\/?p=55104"},"modified":"2025-03-19T15:26:20","modified_gmt":"2025-03-19T18:26:20","slug":"integra-magallanes-invita-a-las-familias-a-consultar-por-cupos-disponibles-en-jardines-infantiles-de-la-region","status":"publish","type":"post","link":"https:\/\/www.radiopresidenteibanez.cl\/web\/integra-magallanes-invita-a-las-familias-a-consultar-por-cupos-disponibles-en-jardines-infantiles-de-la-region\/","title":{"rendered":"Integra Magallanes invita a las familias a consultar por cupos disponibles en jardines infantiles de la region"},"content":{"rendered":"\n<p>Fundaci\u00f3n Integra hace un llamado a las familias de la regi\u00f3n de Magallanes a consultar por<br>disponibilidad de cupos en las salas cuna y jardines infantiles de Punta Arenas, Puerto Natales y<br>Porvenir, para que ni\u00f1as y ni\u00f1os puedan acceder a una educaci\u00f3n parvularia de calidad y gratuita<br>para el a\u00f1o parvulario en curso, que comenz\u00f3 el pasado 05 de marzo.<br>El director regional de Integra, Alan Carrasco Concha, invit\u00f3 a las familias a acercarse al<br>establecimiento de su preferencia y preguntar por cupos, ya que a\u00fan hay disponibilidad en los<br>niveles medio menor y medio mayor, destacando la importancia de asistir a este primer nivel<br>educativo. \u201cLas salas cuna y jardines infantiles son espacios de contenci\u00f3n seguros, amorosos y de<br>bienestar, donde el juego es el factor protag\u00f3nico en los distintos procesos de aprendizaje de<br>ni\u00f1as y ni\u00f1os, a trav\u00e9s del cual conocen su entorno, se relacionan con sus pares y desarrollan<br>habilidades para la vida\u201d, afirm\u00f3.<br>Los datos de contacto de los jardines infantiles e informaci\u00f3n sobre sus proyectos educativos se<br>pueden encontrar en la secci\u00f3n \u201cBusca tu jard\u00edn\u201d en el sitio web institucional www.integra.cl o<br>directamente en geobuscador.integra.cl. Las familias tambi\u00e9n pueden revisar las redes sociales<br>regionales, Instagram @integra_magallanes y Facebook IntegraMagallanes, donde encontrar\u00e1n<br>una publicaci\u00f3n con los datos de cada establecimiento con su sello pedag\u00f3gico, direcci\u00f3n y<br>n\u00famero de tel\u00e9fono.<br>Asimismo, si las familias tienen consultas respecto del proceso, pueden dirigirse a la oficina<br>regional de Integra, ubicada en Jos\u00e9 Men\u00e9ndez N\u00b0576, segundo piso, Punta Arenas, o llamar al<br>tel\u00e9fono 61 229 73 00.<br>Proyecto de transporte gratuito<br>Para facilitar el acceso a las familias y favorecer la asistencia y permanencia de ni\u00f1as y ni\u00f1os en el<br>jard\u00edn, Fundaci\u00f3n Integra ha dispuesto de un proyecto de transporte gratuito para el jard\u00edn infantil<br>Josefina Braun, ubicado en el sector R\u00edo de la Mano de Punta Arenas, el que permite trasladar a 15<br>ni\u00f1as y ni\u00f1os desde y hacia sus hogares, de manera segura y confortable.<br>El establecimiento y el servicio de transporte a\u00fan cuentan con cupos para familias que lo<br>necesiten, para lo cual deben contactarse directamente con el jard\u00edn o la oficina regional.<br>Difusi\u00f3n en la comunidad<\/p>\n\n\n\n<p>Para acercar esta informaci\u00f3n a la comunidad y familias magall\u00e1nicas, el equipo de Cobertura y<br>Proyectos se estar\u00e1 desplegando en diferentes puntos de las tres comunas con presencia<br>institucional, durante el mes de marzo.<br>En Punta Arenas, los lunes se instalar\u00e1 un stand informativo en el Hospital Cl\u00ednico de Magallanes,<br>los martes en el Cesfam Dr. Mateo Bencur, y los mi\u00e9rcoles en el Cesfam Dr. Juan Damianovic,<br>todos ellos de 9:30 a 12:30 horas. Mientras que los viernes se trasladar\u00e1 al mall Espacio Urbano<br>Pionero, de 14:30 a 16:30 horas. La actividad se replicar\u00e1 en las comunas de Puerto Natales y<br>Porvenir.<br>Fundaci\u00f3n Integra, con 34 a\u00f1os de experiencia y m\u00e1s de 1.200 salas cuna y jardines infantiles<br>gratuitos en todo el pa\u00eds, trabaja para que ni\u00f1as y ni\u00f1os alcancen su desarrollo pleno, bienestar<br>integral y aprendizajes significativos, a trav\u00e9s de su protagonismo en espacios educativos<br>amorosos, inclusivos, diversos y de calidad.<\/p>\n","protected":false},"excerpt":{"rendered":"<p>Fundaci\u00f3n Integra hace un llamado a las familias de la regi\u00f3n de Magallanes a consultar pordisponibilidad de cupos en las salas cuna y jardines infantiles de Punta Arenas, Puerto Natales&#8230; <a class=\"read-more\" href=\"https:\/\/www.radiopresidenteibanez.cl\/web\/integra-magallanes-invita-a-las-familias-a-consultar-por-cupos-disponibles-en-jardines-infantiles-de-la-region\/\">Leer m\u00e1s<\/a><\/p>\n","protected":false},"author":2,"featured_media":55105,"comment_status":"closed","ping_status":"closed","sticky":false,"template":"","format":"standard","meta":{"footnotes":""},"categories":[1],"tags":[],"class_list":["post-55104","post","type-post","status-publish","format-standard","has-post-thumbnail","hentry","category-cronica"],"_links":{"self":[{"href":"https:\/\/www.radiopresidenteibanez.cl\/web\/wp-json\/wp\/v2\/posts\/55104","targetHints":{"allow":["GET"]}}],"collection":[{"href":"https:\/\/www.radiopresidenteibanez.cl\/web\/wp-json\/wp\/v2\/posts"}],"about":[{"href":"https:\/\/www.radiopresidenteibanez.cl\/web\/wp-json\/wp\/v2\/types\/post"}],"author":[{"embeddable":true,"href":"https:\/\/www.radiopresidenteibanez.cl\/web\/wp-json\/wp\/v2\/users\/2"}],"replies":[{"embeddable":true,"href":"https:\/\/www.radiopresidenteibanez.cl\/web\/wp-json\/wp\/v2\/comments?post=55104"}],"version-history":[{"count":0,"href":"https:\/\/www.radiopresidenteibanez.cl\/web\/wp-json\/wp\/v2\/posts\/55104\/revisions"}],"wp:featuredmedia":[{"embeddable":true,"href":"https:\/\/www.radiopresidenteibanez.cl\/web\/wp-json\/wp\/v2\/media\/55105"}],"wp:attachment":[{"href":"https:\/\/www.radiopresidenteibanez.cl\/web\/wp-json\/wp\/v2\/media?parent=55104"}],"wp:term":[{"taxonomy":"category","embeddable":true,"href":"https:\/\/www.radiopresidenteibanez.cl\/web\/wp-json\/wp\/v2\/categories?post=55104"},{"taxonomy":"post_tag","embeddable":true,"href":"https:\/\/www.radiopresidenteibanez.cl\/web\/wp-json\/wp\/v2\/tags?post=55104"}],"curies":[{"name":"wp","href":"https:\/\/api.w.org\/{rel}","templated":true}]}}