{"id":55101,"date":"2025-03-19T15:47:00","date_gmt":"2025-03-19T18:47:00","guid":{"rendered":"https:\/\/www.radiopresidenteibanez.cl\/web\/?p=55101"},"modified":"2025-03-19T11:46:26","modified_gmt":"2025-03-19T14:46:26","slug":"seremi-alejandro-olate-encabeza-lanzamiento-del-dia-nacional-del-deporte-2025","status":"publish","type":"post","link":"https:\/\/www.radiopresidenteibanez.cl\/web\/seremi-alejandro-olate-encabeza-lanzamiento-del-dia-nacional-del-deporte-2025\/","title":{"rendered":"Seremi Alejandro Olate encabeza lanzamiento del D\u00eda Nacional del Deporte 2025"},"content":{"rendered":"\n<p>En dependencias de la Delegaci\u00f3n Presidencial Regional de Magallanes, se realiz\u00f3 la actividad de lanzamiento de la Corrida m\u00e1s grande Chile, actividad que se enmarca en la conmemoraci\u00f3n del D\u00eda Nacional del Deporte. En la capital regional se realizar\u00e1 Corrida Familiar el d\u00eda el domingo 6 de abril con una largada en simult\u00e1neo en las 16 regiones del pa\u00eds. La propuesta 2025 considera a su vez la descentralizaci\u00f3n, la equidad de g\u00e9nero y la sustentabilidad.<br>El 23 de agosto de 2013, Naciones Unidas proclam\u00f3 el 6 de abril como el D\u00eda Internacional del<br>Deporte para el Desarrollo y la Paz, con el objetivo de concientizar a la poblaci\u00f3n acerca del rol que desempe\u00f1a el deporte en la promoci\u00f3n de los derechos humanos y el desarrollo econ\u00f3mico y social.<br>Chile estableci\u00f3 en la Ley N\u00b021.007 del 2017 el 6 de abril como D\u00eda Nacional del Deporte para el<br>Desarrollo y la Paz, acorde a las directrices internacionales de Naciones Unidas, reconociendo el rol<br>de nuestro pa\u00eds como Estado miembro fundador firmante de la Carta de Declaraci\u00f3n de 1945.<br>Al respecto el Seremi del Deporte, Alejandro Olate Levet destac\u00f3 la realizaci\u00f3n de la actividad<br>enfatizando que: \u201cEs una alegr\u00eda conmemorar un nuevo D\u00eda del Deporte, donde cabe destacar la<br>versi\u00f3n del a\u00f1o pasado, en la que tuvimos un muy buen resultado, con una maravillosa adhesi\u00f3n.<br>Invitamos a las familias, ni\u00f1os ni\u00f1as, adolescentes y personas de la tercera edad a sumarse y realizar actividad f\u00edsica este domingo 6 de abril desde las 9 de la ma\u00f1ana en la Costanera del Estrecho de Punta Arenas\u201d.<br>En tanto, el director regional del IND, H\u00e9ctor Serka inst\u00f3 a la poblaci\u00f3n a sumarse a la corrida<br>familiar que tendr\u00e1 lugar en Punta Arenas y que junto a las actividades del resto del pa\u00eds, buscan<br>convertirse en la corrida gratuita m\u00e1s grande de Chile: \u201cEsperamos contar con una gran participaci\u00f3n ciudadana, esta corrida familiar que contempla 2.5 y 5 K, es una verdadera oportunidad para las personas y sus familias de disfrutar los espacios p\u00fablicos con actividad deportiva\u201d.<br>Toda la informaci\u00f3n sobre el D\u00eda Nacional del Deporte 2025 se encuentra disponible en la p\u00e1gina<br>web www.diadeldeporte.cl<\/p>\n\n\n\n<p>\uf0b7 S\u00e1bado 05 de abril<br>Entrega de poleras y n\u00fameros: Gimnasio Fiscal, Uruguay 01560.<br>Horario: 15:00 a 20:00 hrs.<br>\uf0b7 06 de abril<br>Ubicaci\u00f3n: Costanera del Estrecho, Punta Arenas<br>A partir de las 9:00 hrs: Llegada de los beneficiarios y preparaci\u00f3n<br>09:45 hrs: Inicio Baile Entretenido<br>10:30 hrs: Partida (Este horario coincide con la largada del resto del pa\u00eds)<\/p>\n","protected":false},"excerpt":{"rendered":"<p>En dependencias de la Delegaci\u00f3n Presidencial Regional de Magallanes, se realiz\u00f3 la actividad de lanzamiento de la Corrida m\u00e1s grande Chile, actividad que se enmarca en la conmemoraci\u00f3n del D\u00eda&#8230; <a class=\"read-more\" href=\"https:\/\/www.radiopresidenteibanez.cl\/web\/seremi-alejandro-olate-encabeza-lanzamiento-del-dia-nacional-del-deporte-2025\/\">Leer m\u00e1s<\/a><\/p>\n","protected":false},"author":2,"featured_media":55102,"comment_status":"closed","ping_status":"closed","sticky":false,"template":"","format":"standard","meta":{"footnotes":""},"categories":[1],"tags":[],"class_list":["post-55101","post","type-post","status-publish","format-standard","has-post-thumbnail","hentry","category-cronica"],"_links":{"self":[{"href":"https:\/\/www.radiopresidenteibanez.cl\/web\/wp-json\/wp\/v2\/posts\/55101","targetHints":{"allow":["GET"]}}],"collection":[{"href":"https:\/\/www.radiopresidenteibanez.cl\/web\/wp-json\/wp\/v2\/posts"}],"about":[{"href":"https:\/\/www.radiopresidenteibanez.cl\/web\/wp-json\/wp\/v2\/types\/post"}],"author":[{"embeddable":true,"href":"https:\/\/www.radiopresidenteibanez.cl\/web\/wp-json\/wp\/v2\/users\/2"}],"replies":[{"embeddable":true,"href":"https:\/\/www.radiopresidenteibanez.cl\/web\/wp-json\/wp\/v2\/comments?post=55101"}],"version-history":[{"count":0,"href":"https:\/\/www.radiopresidenteibanez.cl\/web\/wp-json\/wp\/v2\/posts\/55101\/revisions"}],"wp:featuredmedia":[{"embeddable":true,"href":"https:\/\/www.radiopresidenteibanez.cl\/web\/wp-json\/wp\/v2\/media\/55102"}],"wp:attachment":[{"href":"https:\/\/www.radiopresidenteibanez.cl\/web\/wp-json\/wp\/v2\/media?parent=55101"}],"wp:term":[{"taxonomy":"category","embeddable":true,"href":"https:\/\/www.radiopresidenteibanez.cl\/web\/wp-json\/wp\/v2\/categories?post=55101"},{"taxonomy":"post_tag","embeddable":true,"href":"https:\/\/www.radiopresidenteibanez.cl\/web\/wp-json\/wp\/v2\/tags?post=55101"}],"curies":[{"name":"wp","href":"https:\/\/api.w.org\/{rel}","templated":true}]}}