{"id":5506,"date":"2019-07-02T17:05:03","date_gmt":"2019-07-02T17:05:03","guid":{"rendered":"http:\/\/www.radiopresidenteibanez.cl\/web\/?p=5506"},"modified":"2019-07-02T17:05:08","modified_gmt":"2019-07-02T17:05:08","slug":"core-solicita-a-intendente-implementar-acciones-regionales-que-permitan-modificar-bases-de-licitacion-para-futura-administracion-del-eleam-y-aseguren-continuidad-en-la-calidad-de-la-atencion-que-hasta","status":"publish","type":"post","link":"https:\/\/www.radiopresidenteibanez.cl\/web\/core-solicita-a-intendente-implementar-acciones-regionales-que-permitan-modificar-bases-de-licitacion-para-futura-administracion-del-eleam-y-aseguren-continuidad-en-la-calidad-de-la-atencion-que-hasta\/","title":{"rendered":"CORE SOLICITA A INTENDENTE IMPLEMENTAR ACCIONES REGIONALES QUE PERMITAN MODIFICAR BASES DE LICITACI\u00d3N PARA FUTURA ADMINISTRACI\u00d3N DEL ELEAM Y ASEGUREN CONTINUIDAD EN LA CALIDAD DE LA ATENCI\u00d3N QUE HASTA HOY HA BRINDADO"},"content":{"rendered":"\n<p>Por\nUnanimidad los Consejeros Regionales de Magallanes y de la Ant\u00e1rtica Chilena\naprobaron la moci\u00f3n a trav\u00e9s de la cual solicitan al Intendente, Jos\u00e9\nFern\u00e1ndez, implementar acciones de car\u00e1cter regional que permitan modificar el\nproceso licitatorio en curso llevado adelante por el Servicio Nacional del\nAdulto Mayor (SENAMA), que busca proveer la futura administraci\u00f3n del Estableciente\nde Larga Estad\u00eda para Adultos Mayores, ELEAM de Punta Arenas que hoy esta cargo\ndel Servicio de Salud de Magallanes. <\/p>\n\n\n\n<p>La moci\u00f3n\naprobada por el \u00f3rgano colegiado afirma que<strong>\n\u201c<\/strong>Por acuerdo de la Comisi\u00f3n Infraestructura,\nPatrimonio y Desarrollo Territorial y luego de conocer la grave situaci\u00f3n que\nafecta al Establecimiento de Larga Estad\u00eda para Adultos Mayores de Punta\nArenas, se sugiere al Pleno del Consejo Regional recomendar al Intendente la\nimplementaci\u00f3n de acciones de inter\u00e9s regional, ello en conformidad a la\nfacultad establecida en la letra i) del art\u00edculo 36 de la Ley N\u00ba19.175,\nOrg\u00e1nica Constitucional de Gobierno y Administraci\u00f3n Regional.<\/p>\n\n\n\n<p>&nbsp;Como es de p\u00fablico y notorio conocimiento,\nnuestra regi\u00f3n posee uno de los \u00edndices m\u00e1s altos de adultos mayores por cantidad\nde habitantes del pa\u00eds y en consecuencia, es de inter\u00e9s regional asegurar las\ndebidas prestaciones por parte de los \u00f3rganos del Estado, asegurando un trato\ndigno e igualitario en sus condiciones de vida y de salud, como lo es en la\nactualidad. Adem\u00e1s, la infraestructura del ELEAM de Punta Arenas ha sido\n\u00edntegramente financiada con recursos regionales, lo que exige que este Gobierno\nRegional tome acciones que busquen la coordinaci\u00f3n de los entes relacionados,\ntomando en consideraci\u00f3n la experiencia local para la adecuaci\u00f3n de pol\u00edticas\np\u00fablicas sobre la materia. Finalmente se deja constancia de la disconformidad\ndel CORE respecto de la no consideraci\u00f3n de la opini\u00f3n de \u00e9ste Gobierno\nRegional en el proceso de elaboraci\u00f3n de las bases licitatorias a nivel\nnacional por parte del Servicio Nacional del Adulto Mayor e igualmente por la\nausencia injustificada de la coordinadora regional de dicho servicio p\u00fablico en\nla reuni\u00f3n de la comisi\u00f3n del d\u00eda de hoy\u201d.<\/p>\n\n\n\n<p>Seg\u00fan lo expresado por el presidente\nde la comisi\u00f3n Infraestructura, Miguel Sierpe, con ello se est\u00e1 dando un paso\nconcreto en un tema preocupante que es consecuencia de una medida centralista &nbsp;\u201cnuestra regi\u00f3n cuenta con el mejor Eleam del\npa\u00eds y hoy vamos para atr\u00e1s, por ello hemos recurrido a la Ley que nos permite\nsugerir al Intendente generar acciones que corrijan esta situaci\u00f3n irregular ya\nque si se produce esta licitaci\u00f3n, cualquiera sea el ente que se adjudique el\ncontrato, &nbsp;habr\u00e1 una merma importante en\nla calidad de la atenci\u00f3n de los adultos mayores. Esta es una decisi\u00f3n tomada\ndesde Senama no conversada con la regi\u00f3n y el Consejo Regional tiene mucho que decir\nya que ha aprobado el financiamiento, la ampliaci\u00f3n y reposici\u00f3n de este centro\nadem\u00e1s tenemos un convenio con el Servicio de Salud que deber\u00eda permitirnos dar\ncumplimiento a lo que los adultos mayores se merecen y eso no es menos de lo\nque tiene hoy tienen\u201d.<\/p>\n\n\n\n<p>Por su parte el consejero, Ram\u00f3n Lobos, si bien debido a su calidad de funcionario del Eleam se inhabilito al momento de la votaci\u00f3n, no dudo desde su experiencia y como ciudadano al afirmar \u201clas miradas regionales de los proyectos de car\u00e1cter nacional tienen que estar centradas en la figura \u00a0del Intendente como jefe superior de los servicios y coordinador. El trabajo desarrollado estos a\u00f1os por el Eleam ha sido potente en aunar voluntades p\u00fablicas, privadas y voluntariados permitiendo con esfuerzo dar respuesta a las realidades locales y cuando eso sucede no podemos tensionarlo por cumplir una obligatoriedad nacional. En Magallanes tenemos un envejecimiento mayor que el resto del pa\u00eds por tanto vamos adelantados, contamos con el Eleam m\u00e1s antiguo y hemos visto envejecer a los adultos mayores que llegaron, se trata de un doble envejecimiento que nos ha permitido enfrentarnos a realidades que los dem\u00e1s establecimientos tendr\u00e1n a futuro y de ello se debe hacer un aprendizaje y replicar las buena experiencias\u201d, concluy\u00f3 el consejero Lobos. <\/p>\n\n\n\n<figure class=\"wp-block-image\"><img loading=\"lazy\" decoding=\"async\" width=\"900\" height=\"600\" src=\"https:\/\/www.radiopresidenteibanez.cl\/web\/wp-content\/uploads\/2019\/07\/2.jpg\" alt=\"\" class=\"wp-image-5507\" srcset=\"https:\/\/www.radiopresidenteibanez.cl\/web\/wp-content\/uploads\/2019\/07\/2.jpg 900w, https:\/\/www.radiopresidenteibanez.cl\/web\/wp-content\/uploads\/2019\/07\/2-300x200.jpg 300w, https:\/\/www.radiopresidenteibanez.cl\/web\/wp-content\/uploads\/2019\/07\/2-768x512.jpg 768w\" sizes=\"auto, (max-width: 900px) 100vw, 900px\" \/><\/figure>\n","protected":false},"excerpt":{"rendered":"<p>Por Unanimidad los Consejeros Regionales de Magallanes y de la Ant\u00e1rtica Chilena aprobaron la moci\u00f3n a trav\u00e9s de la cual solicitan al Intendente, Jos\u00e9 Fern\u00e1ndez, implementar acciones de car\u00e1cter regional&#8230; <a class=\"read-more\" href=\"https:\/\/www.radiopresidenteibanez.cl\/web\/core-solicita-a-intendente-implementar-acciones-regionales-que-permitan-modificar-bases-de-licitacion-para-futura-administracion-del-eleam-y-aseguren-continuidad-en-la-calidad-de-la-atencion-que-hasta\/\">Leer m\u00e1s<\/a><\/p>\n","protected":false},"author":2,"featured_media":5507,"comment_status":"closed","ping_status":"closed","sticky":false,"template":"","format":"standard","meta":{"footnotes":""},"categories":[1],"tags":[],"class_list":["post-5506","post","type-post","status-publish","format-standard","has-post-thumbnail","hentry","category-cronica"],"_links":{"self":[{"href":"https:\/\/www.radiopresidenteibanez.cl\/web\/wp-json\/wp\/v2\/posts\/5506","targetHints":{"allow":["GET"]}}],"collection":[{"href":"https:\/\/www.radiopresidenteibanez.cl\/web\/wp-json\/wp\/v2\/posts"}],"about":[{"href":"https:\/\/www.radiopresidenteibanez.cl\/web\/wp-json\/wp\/v2\/types\/post"}],"author":[{"embeddable":true,"href":"https:\/\/www.radiopresidenteibanez.cl\/web\/wp-json\/wp\/v2\/users\/2"}],"replies":[{"embeddable":true,"href":"https:\/\/www.radiopresidenteibanez.cl\/web\/wp-json\/wp\/v2\/comments?post=5506"}],"version-history":[{"count":0,"href":"https:\/\/www.radiopresidenteibanez.cl\/web\/wp-json\/wp\/v2\/posts\/5506\/revisions"}],"wp:featuredmedia":[{"embeddable":true,"href":"https:\/\/www.radiopresidenteibanez.cl\/web\/wp-json\/wp\/v2\/media\/5507"}],"wp:attachment":[{"href":"https:\/\/www.radiopresidenteibanez.cl\/web\/wp-json\/wp\/v2\/media?parent=5506"}],"wp:term":[{"taxonomy":"category","embeddable":true,"href":"https:\/\/www.radiopresidenteibanez.cl\/web\/wp-json\/wp\/v2\/categories?post=5506"},{"taxonomy":"post_tag","embeddable":true,"href":"https:\/\/www.radiopresidenteibanez.cl\/web\/wp-json\/wp\/v2\/tags?post=5506"}],"curies":[{"name":"wp","href":"https:\/\/api.w.org\/{rel}","templated":true}]}}