{"id":55044,"date":"2025-03-17T18:43:00","date_gmt":"2025-03-17T21:43:00","guid":{"rendered":"https:\/\/www.radiopresidenteibanez.cl\/web\/?p=55044"},"modified":"2025-03-17T15:35:44","modified_gmt":"2025-03-17T18:35:44","slug":"jovenes-infractores-se-redescubren-y-se-desarrollan-por-obra-y-gracia-de-la-musica","status":"publish","type":"post","link":"https:\/\/www.radiopresidenteibanez.cl\/web\/jovenes-infractores-se-redescubren-y-se-desarrollan-por-obra-y-gracia-de-la-musica\/","title":{"rendered":"J\u00f3venes infractores se redescubren y se desarrollan por \u201cobra y gracia\u201d de la m\u00fasica"},"content":{"rendered":"\n<p>Por segunda vez, el Centro de Cumplimiento de Reinserci\u00f3n Juvenil (IP &#8211; IRC) de R\u00edo de los Ciervos fue epicentro del Programa Liberando Talento de Escuelas de Rock y M\u00fasica Popular. Este espacio de formaci\u00f3n, impulsado por el Ministerio de las Culturas, las Artes y el Patrimonio, est\u00e1 orientado al trabajo con adolescentes y j\u00f3venes que han infringido la ley o son investigados por un delito y que se encuentran en procesos de reinserci\u00f3n social.<\/p>\n\n\n\n<p>Esta nueva experiencia lleg\u00f3 a un total de cuatro j\u00f3venes: uno en internaci\u00f3n provisoria y tres en r\u00e9gimen cerrado.&nbsp;Detr\u00e1s de dicho proceso brill\u00f3 una vez m\u00e1s el aporte del destacado m\u00fasico nacional, productor y educador biopsicosocial Andr\u00e9s Godoy junto a su experimentado equipo. En Ceremonia interna en el Centro IP &#8211; IRC Punta Arenas, este viernes 14 de marzo se desarroll\u00f3 la emotiva ceremonia de cierre y certificaci\u00f3n de esta nueva versi\u00f3n de Liberando Talento. A ella asistieron sus participantes, familiares y autoridades encabezadas por el Delegado Presidencia Regional (s), Andro Mimica; la Seremi de las Culturas, las Artes y el Patrimonio, Carolina Herrera, junto a su&nbsp;par de Justicia y Derechos Humanos, Michelle Peutat; el Director Regional de Gendarmer\u00eda (s) en Magallanes, teniente coronel, Edgardo P\u00e9rez, y el Director Regional del Servicio Nacional de Reinserci\u00f3n Social Juvenil, C\u00e9sar Montiel.<\/p>\n\n\n\n<p>\u201cPara tener mayor seguridad, tenemos que lograr una mejor reinserci\u00f3n y el trabajo que hoy hace el Ministerio de las Culturas, con el Ministerio de Justicia y nuestro Servicio de Reinserci\u00f3n, beneficia en esta oportunidad a cuatro j\u00f3venes. Esta acci\u00f3n abre nuevos caminos, abre nuevas esperanzas, abre nuevas herramientas para que, como sociedad, vayamos entendiendo cuales son las necesidades y las falencias que tenemos, para que esto que est\u00e1 sucediendo ac\u00e1 se pueda replicar en cada uno de los espacios y en cada uno de los territorios. Estamos muy agradecidos y contentos de la oportunidad, que hoy d\u00eda nos brinda el Ministerio de las Culturas, pero tambi\u00e9n de los equipos t\u00e9cnicos que estuvieron trabajando toda esta semana para poder ver el desarrollo que tuvieron estos j\u00f3venes al interior de este centro y que realmente nos enorgullece como gobierno del proceso que tuvieron\u201d, sostuvo el Delegado Presidencial Regional (s).<\/p>\n\n\n\n<p>Adem\u00e1s de la entrega de diplomas y est\u00edmulos, la culminaci\u00f3n de este 2\u00ba Nivel Intensivo de formaci\u00f3n art\u00edstica musical del Programa Liberando Talento cont\u00f3 con una muestra de las obras creadas por los adolescentes y j\u00f3venes favorecidos, adem\u00e1s de una mini tocata en vivo liderada por Andr\u00e9s Godoy, fundador de las Escuelas de Rock y M\u00fasica Popular y Rock\u00f3dromo de Valpara\u00edso, y virtuoso creador de la t\u00e9cnica \u00abTatap\u00bb para tocar la guitarra con una mano.<\/p>\n\n\n\n<p>La intervenci\u00f3n se desarroll\u00f3 entre el lunes y el jueves, e incorpor\u00f3 la entrega de conceptos musicales a sus participantes, quienes crearon textos l\u00edricos, los que fueron musicalizados por los productores musicales y educadores biopsicosociales de Liberando Talento, para luego grabar dichas canciones de autor\u00eda propia y darles forma de videoclips a sus creaciones.<\/p>\n\n\n\n<p>V.J., uno de los participantes del taller, destac\u00f3 que \u201cla experiencia aqu\u00ed con el grupo de Liberando Talento es super emotiva, porque somos un equipo. Nosotros somos todos compa\u00f1eros, entonces funcionamos juntos. Vamos sacando ideas, escribimos, ellos van sacando otras ideas, van sacando las bases y yo toco la bater\u00eda, igual otros instrumentos. Entonces es bac\u00e1n, super bac\u00e1n trabajar con ellos\u201d, recalc\u00f3.<\/p>\n\n\n\n<p>La Seremi de Culturas valor\u00f3 el significativo aporte detr\u00e1s de estos procesos de formaci\u00f3n art\u00edstica musical. \u201cEs algo que hemos estado impulsando desde el gobierno del Presidente Gabriel Boric y desde el Ministerio de las Culturas, las Artes y Patrimonio esta posibilidad de abrir espacios para j\u00f3venes que puedan descubrir sus talentos, que puedan descubrir el poder transformador que tiene el arte y la cultura, pero tambi\u00e9n como un estado de bienestar, de alcanzar el desarrollo integral como persona. Eso es un derecho que tienen la oportunidad de ejercer, a trav\u00e9s de estas instancias que genera el Ministerio\u201d.<\/p>\n\n\n\n<p>La Seremi de Justicia y DDHH, Michelle Peutat, subray\u00f3 que \u201cpara el Ministerio de Justicia y Derechos Humanos siempre es un agrado y un orgullo poder trabajar en colaboraci\u00f3n con otros servicios e instituciones. La reinserci\u00f3n social y sobre todo de j\u00f3venes que han cometido un delito y han acarreado una sanci\u00f3n penal, es una tarea del Estado en su conjunto. Hoy d\u00eda, finalizando este proceso que no solamente significa un acceso a la cultura, sino que tambi\u00e9n el desarrollo de actividades de esparcimiento, que permiten una mejor convivencia al interior de estos centros y por supuesto, aporta a una reinserci\u00f3n definitiva luego del cumplimiento de la sanci\u00f3n penal\u201d.<\/p>\n\n\n\n<p>Mientras que el Coordinador Metodol\u00f3gico del Programa \u201cLiberando Talento\u201d, Andr\u00e9s Godoy, plante\u00f3 que las expectativas se cumplieron m\u00e1s all\u00e1 de lo esperado. \u201cCuando uno piensa en los objetivos, si se lograron o no, est\u00e1n s\u00faper mega logrados. Los chicos no s\u00f3lo adhirieron, no solo participaron, sino que adem\u00e1s escribieron canciones, se interesaron por hacer r\u00edtmicas. Movimos su dimensi\u00f3n kinest\u00e9sica, su dimensi\u00f3n cognitiva, es decir, todo lo que en el fondo nos hab\u00edamos propuesto como proyecto para para compartir con los chiquillos, como experiencia para que les quedara una marca, les quedar\u00e1 su canci\u00f3n para la vida\u201d,<\/p>\n\n\n\n<p>En esta intervenci\u00f3n art\u00edstica, que tuvo su primera edici\u00f3n en el mismo recinto el a\u00f1o 2023, Andr\u00e9s Godoy estuvo acompa\u00f1ado por &nbsp;su equipo compuesto por Bruno Godoy, m\u00fasico, productor musical y baterista del grupo SINERGIA y SINERGIA KIDS; Ricardo Saavedra: Coordinador Ejecutivo del Programa Liberando Talento de Escuelas de Rock y M\u00fasica Popular; Jorge Cabello, Coordinador del Programa Escuelas de Rock y M\u00fasica Popular, gestor y realizador audiovisual, a cargo del registro y realizaci\u00f3n de videoclips en Liberando Talento, y Cristian Araya, Gestor cultural, productor y coordinador administrativo de Liberando Talento.<\/p>\n\n\n\n<p>Al cierre de la ceremonia, el equipo de intervenci\u00f3n art\u00edstica y representantes del Centro de Cumplimiento de Reinserci\u00f3n Juvenil anunciaron la implementaci\u00f3n y habilitaci\u00f3n de un espacio permanente para la creaci\u00f3n y desarrollo de las disciplinas art\u00edsticas, denominada \u201cAula Inteligencia\u201d.<\/p>\n\n\n\n<p>A las actividades realizadas en el Centro Privativo de Administraci\u00f3n Directa se sum\u00f3 el jueves 13 una clase magistral y encuentro motivacional con las y los adolescentes y j\u00f3venes pertenecientes a los Programas de Medio Libre de Punta Arenas, implementados por la Corporaci\u00f3n Opci\u00f3n. All\u00ed se comparti\u00f3 la experiencia del trabajo creativo musical de Liberando Talento, con la finalidad de establecer una propuesta de trabajo conjunto con el Medio Libre para este segundo semestre.<\/p>\n\n\n\n<p>A su vez, el mi\u00e9rcoles 12 Liberando Talento realiz\u00f3 un encuentro con organizaciones comunitarias pertenecientes al Programa Puntos de Cultura Comunitaria de Magallanes, en conjunto con la Seremi de las Culturas, las Artes y el Patrimonio y el Servicio de Reinserci\u00f3n Social Juvenil. Aquella instancia, en el Centro Comunitario Juan Wesley, apunt\u00f3 a sensibilizar sobre el aporte de las culturas y las artes en los procesos de reinserci\u00f3n social juvenil.<\/p>\n","protected":false},"excerpt":{"rendered":"<p>Por segunda vez, el Centro de Cumplimiento de Reinserci\u00f3n Juvenil (IP &#8211; IRC) de R\u00edo de los Ciervos fue epicentro del Programa Liberando Talento de Escuelas de Rock y M\u00fasica&#8230; <a class=\"read-more\" href=\"https:\/\/www.radiopresidenteibanez.cl\/web\/jovenes-infractores-se-redescubren-y-se-desarrollan-por-obra-y-gracia-de-la-musica\/\">Leer m\u00e1s<\/a><\/p>\n","protected":false},"author":2,"featured_media":55045,"comment_status":"closed","ping_status":"closed","sticky":false,"template":"","format":"standard","meta":{"footnotes":""},"categories":[1],"tags":[],"class_list":["post-55044","post","type-post","status-publish","format-standard","has-post-thumbnail","hentry","category-cronica"],"_links":{"self":[{"href":"https:\/\/www.radiopresidenteibanez.cl\/web\/wp-json\/wp\/v2\/posts\/55044","targetHints":{"allow":["GET"]}}],"collection":[{"href":"https:\/\/www.radiopresidenteibanez.cl\/web\/wp-json\/wp\/v2\/posts"}],"about":[{"href":"https:\/\/www.radiopresidenteibanez.cl\/web\/wp-json\/wp\/v2\/types\/post"}],"author":[{"embeddable":true,"href":"https:\/\/www.radiopresidenteibanez.cl\/web\/wp-json\/wp\/v2\/users\/2"}],"replies":[{"embeddable":true,"href":"https:\/\/www.radiopresidenteibanez.cl\/web\/wp-json\/wp\/v2\/comments?post=55044"}],"version-history":[{"count":0,"href":"https:\/\/www.radiopresidenteibanez.cl\/web\/wp-json\/wp\/v2\/posts\/55044\/revisions"}],"wp:featuredmedia":[{"embeddable":true,"href":"https:\/\/www.radiopresidenteibanez.cl\/web\/wp-json\/wp\/v2\/media\/55045"}],"wp:attachment":[{"href":"https:\/\/www.radiopresidenteibanez.cl\/web\/wp-json\/wp\/v2\/media?parent=55044"}],"wp:term":[{"taxonomy":"category","embeddable":true,"href":"https:\/\/www.radiopresidenteibanez.cl\/web\/wp-json\/wp\/v2\/categories?post=55044"},{"taxonomy":"post_tag","embeddable":true,"href":"https:\/\/www.radiopresidenteibanez.cl\/web\/wp-json\/wp\/v2\/tags?post=55044"}],"curies":[{"name":"wp","href":"https:\/\/api.w.org\/{rel}","templated":true}]}}