{"id":5503,"date":"2019-07-02T17:01:04","date_gmt":"2019-07-02T17:01:04","guid":{"rendered":"http:\/\/www.radiopresidenteibanez.cl\/web\/?p=5503"},"modified":"2019-07-02T17:01:25","modified_gmt":"2019-07-02T17:01:25","slug":"ninos-y-ninas-del-programa-cecrea-del-ministerio-de-las-culturas-ya-estan-en-el-campamento-eclipse-de-paihuano","status":"publish","type":"post","link":"https:\/\/www.radiopresidenteibanez.cl\/web\/ninos-y-ninas-del-programa-cecrea-del-ministerio-de-las-culturas-ya-estan-en-el-campamento-eclipse-de-paihuano\/","title":{"rendered":"NI\u00d1OS Y NI\u00d1AS DEL PROGRAMA CECREA DEL MINISTERIO DE LAS CULTURAS YA EST\u00c1N EN EL CAMPAMENTO ECLIPSE DE PAIHUANO"},"content":{"rendered":"\n<p>Para\n44 ni\u00f1as, ni\u00f1os y j\u00f3venes (NNJ) de todo el pa\u00eds, participantes del programa\nCentros de Creaci\u00f3n (Cecrea) del Ministerio de las Culturas, las Artes y el\nPatrimonio, la aventura en torno al eclipse total de sol de este martes comenz\u00f3\nayer, cuando tras sus respectivos traslados llegaron hasta la comuna de\nPaihuano, en la regi\u00f3n de Coquimbo, para integrarse al Campamento Eclipse,\nexperiencia integral de tres d\u00edas que dar\u00e1 vida a diferentes estaciones\nrelacionadas con el arte y las ciencias, de la mano de destacados artistas\nnacionales e internacionales. <\/p>\n\n\n\n<p>\u201cLa\nexperiencia de las ni\u00f1as, ni\u00f1os y j\u00f3venes que son parte de este in\u00e9dito\ncampamento Cecrea ser\u00e1 una historia inolvidable para ellos y su entorno.\nEstaremos ante un acontecimiento que puede esperar en promedio 360 a\u00f1os para\nque vuelva a ocurrir en el mismo lugar, por lo que consideramos que esta es una\noportunidad \u00fanica, que adem\u00e1s tiene la posibilidad de abordarse desde la\nperspectiva de las artes y las ciencias de manera conjunta. Muy probablemente,\nen 50 o 60 a\u00f1os m\u00e1s, le contar\u00e1n de esta experiencia a sus hijos o nietos,\nquienes podr\u00e1n estar un paso m\u00e1s cerca de comprender los eclipses que vengan en\nel futuro\u201d, comenta la ministra de las Culturas, las Artes y el Patrimonio,\nConsuelo Vald\u00e9s, quien se traslada hoy a la zona.<\/p>\n\n\n\n<p>Aunque\nel viaje comenz\u00f3 el viernes 29 para las regiones extremas, los preparativos de\nCecrea para el eclipse se iniciaron en abril, cuando todos los Centros de\nCreaci\u00f3n convocaron a sus participantes para dar vida a lo que se llam\u00f3\nEncuentros de la Oscuridad 2019, una serie de laboratorios que mezclaron artes,\nciencias, tecnolog\u00edas y sustentabilidad, y en los que se seleccion\u00f3 a los tres\nni\u00f1os, ni\u00f1as y\/o j\u00f3venes que viajar\u00edan hasta Coquimbo. <\/p>\n\n\n\n<p>Cecrea\nes un programa donde la participaci\u00f3n es un componente central, por lo que cada\nregi\u00f3n decidi\u00f3 cu\u00e1les ser\u00edan los mecanismos de elecci\u00f3n de sus representantes.\nDe esta manera, mientras hubo centros decidieron fijar la selecci\u00f3n a trav\u00e9s de\nsorteo, en Punta Arenas se bas\u00f3 en las caracter\u00edsticas e intereses particulares\nde los NNJ.<\/p>\n\n\n\n<p>\u201cEl eclipse es\nun hecho hist\u00f3rico y que no se repetir\u00e1 en mucho tiempo m\u00e1s, que puede ser en\nunos 300 a\u00f1os. Por eso considero que es algo muy especial para m\u00ed y todas las\nchicas y chicos que tendremos esta oportunidad de vivirlo\u201d, coment\u00f3 Catalina\nTobar, alumna de octavo b\u00e1sico de Instituto Sagrada Familia (INSAFA) de Punta\nArenas y quien viaj\u00f3 a la regi\u00f3n de Coquimbo junto a sus compa\u00f1eras Valentina\nAraos (octavo) y Camila Mill\u00e1n (sexto b\u00e1sico).<\/p>\n\n\n\n<p><strong>EXPERIENCIAS\nINTEGRALES<\/strong><\/p>\n\n\n\n<p>La\nexperiencia de tres d\u00edas en el Campamento Eclipse es el punto m\u00e1s emotivo de\nlos Encuentros de la Oscuridad 2019, pero no el \u00faltimo. En \u00e9l los NNJ tendr\u00e1n\nla oportunidad de compartir las experiencias que desarrollaron previamente y\nluego, de regreso a sus hogares, tendr\u00e1n la oportunidad de hacer lo propio en\nlos Centros de Creaci\u00f3n donde participan. La programaci\u00f3n en Paihuano incluye\ndiferentes experiencias que ser\u00e1n facilitadas por el m\u00fasico Carlos Cabezas\n(Chile), el artista visual Benjam\u00edn Ossa (Chile), la artista sonora Maia Urstad\n(Noruega), el m\u00fasico Crist\u00f3bal Carvajal (Chile) y la Fundaci\u00f3n Astroman\u00eda.<\/p>\n\n\n\n<p>Las\nexperiencias estar\u00e1n divididas por estaciones y corresponden a actividades y\ncontenidos relacionados a los saberes locales, las artes, las ciencias y la\ncultura digital e inspirados en el eclipse solar, principalmente bajo conceptos\nde luz y sombra, con el \u00e1nimo de motivar la experimentaci\u00f3n y la exploraci\u00f3n\ndesde el fen\u00f3meno astron\u00f3mico como fuente de inspiraci\u00f3n y conocimiento hacia\nla creaci\u00f3n interdisciplinaria. <\/p>\n\n\n\n<p>Adem\u00e1s\nse har\u00e1 entrega a cada NNJ de un kit de implementos para acompa\u00f1ar la\nexperiencia: lentes, cantimplora, bit\u00e1cora, l\u00e1pices y un set de libros\nrelacionados a la astronom\u00eda, como \u201cEclipse: arte + ciencia\u201d, editado por el\nMinisterio de las Culturas y presentado el pasado viernes por la ministra\nVald\u00e9s y disponible en <a href=\"https:\/\/www.cultura.gob.cl\/publicaciones\/eclipse-arte-ciencia\/\">https:\/\/www.cultura.gob.cl\/publicaciones\/eclipse-arte-ciencia\/<\/a>\ny\/o <a href=\"http:\/\/eclipseschile.gob.cl\/eclipse-al-aula.html\">http:\/\/eclipseschile.gob.cl\/eclipse-al-aula.html<\/a>.<\/p>\n\n\n\n<p>El Campamento Eclipse es realizado gracias al trabajo conjunto entre el programa Cecrea, del Departamento de Educaci\u00f3n y Formaci\u00f3n en Artes y Cultura del Ministerio de las Culturas; el \u00e1rea de Nuevos Medios del Departamento de Fomento de las Artes e Industrias Creativas; la Secretar\u00eda Regional Ministerial de la Regi\u00f3n de Coquimbo y la Corporaci\u00f3n Chilena de Video.<\/p>\n\n\n\n<figure class=\"wp-block-image\"><img loading=\"lazy\" decoding=\"async\" width=\"1000\" height=\"667\" src=\"https:\/\/www.radiopresidenteibanez.cl\/web\/wp-content\/uploads\/2019\/07\/IMG_6797.jpg\" alt=\"\" class=\"wp-image-5504\" srcset=\"https:\/\/www.radiopresidenteibanez.cl\/web\/wp-content\/uploads\/2019\/07\/IMG_6797.jpg 1000w, https:\/\/www.radiopresidenteibanez.cl\/web\/wp-content\/uploads\/2019\/07\/IMG_6797-300x200.jpg 300w, https:\/\/www.radiopresidenteibanez.cl\/web\/wp-content\/uploads\/2019\/07\/IMG_6797-768x512.jpg 768w\" sizes=\"auto, (max-width: 1000px) 100vw, 1000px\" \/><\/figure>\n","protected":false},"excerpt":{"rendered":"<p>Para 44 ni\u00f1as, ni\u00f1os y j\u00f3venes (NNJ) de todo el pa\u00eds, participantes del programa Centros de Creaci\u00f3n (Cecrea) del Ministerio de las Culturas, las Artes y el Patrimonio, la aventura&#8230; <a class=\"read-more\" href=\"https:\/\/www.radiopresidenteibanez.cl\/web\/ninos-y-ninas-del-programa-cecrea-del-ministerio-de-las-culturas-ya-estan-en-el-campamento-eclipse-de-paihuano\/\">Leer m\u00e1s<\/a><\/p>\n","protected":false},"author":2,"featured_media":5504,"comment_status":"closed","ping_status":"closed","sticky":false,"template":"","format":"standard","meta":{"footnotes":""},"categories":[1],"tags":[],"class_list":["post-5503","post","type-post","status-publish","format-standard","has-post-thumbnail","hentry","category-cronica"],"_links":{"self":[{"href":"https:\/\/www.radiopresidenteibanez.cl\/web\/wp-json\/wp\/v2\/posts\/5503","targetHints":{"allow":["GET"]}}],"collection":[{"href":"https:\/\/www.radiopresidenteibanez.cl\/web\/wp-json\/wp\/v2\/posts"}],"about":[{"href":"https:\/\/www.radiopresidenteibanez.cl\/web\/wp-json\/wp\/v2\/types\/post"}],"author":[{"embeddable":true,"href":"https:\/\/www.radiopresidenteibanez.cl\/web\/wp-json\/wp\/v2\/users\/2"}],"replies":[{"embeddable":true,"href":"https:\/\/www.radiopresidenteibanez.cl\/web\/wp-json\/wp\/v2\/comments?post=5503"}],"version-history":[{"count":0,"href":"https:\/\/www.radiopresidenteibanez.cl\/web\/wp-json\/wp\/v2\/posts\/5503\/revisions"}],"wp:featuredmedia":[{"embeddable":true,"href":"https:\/\/www.radiopresidenteibanez.cl\/web\/wp-json\/wp\/v2\/media\/5504"}],"wp:attachment":[{"href":"https:\/\/www.radiopresidenteibanez.cl\/web\/wp-json\/wp\/v2\/media?parent=5503"}],"wp:term":[{"taxonomy":"category","embeddable":true,"href":"https:\/\/www.radiopresidenteibanez.cl\/web\/wp-json\/wp\/v2\/categories?post=5503"},{"taxonomy":"post_tag","embeddable":true,"href":"https:\/\/www.radiopresidenteibanez.cl\/web\/wp-json\/wp\/v2\/tags?post=5503"}],"curies":[{"name":"wp","href":"https:\/\/api.w.org\/{rel}","templated":true}]}}