{"id":55025,"date":"2025-03-17T10:39:00","date_gmt":"2025-03-17T13:39:00","guid":{"rendered":"https:\/\/www.radiopresidenteibanez.cl\/web\/?p=55025"},"modified":"2025-03-17T10:06:18","modified_gmt":"2025-03-17T13:06:18","slug":"con-emocion-y-expectativas-las-y-los-nuevos-estudiantes-de-puerto-natales-viven-su-ingreso-a-la-umag","status":"publish","type":"post","link":"https:\/\/www.radiopresidenteibanez.cl\/web\/con-emocion-y-expectativas-las-y-los-nuevos-estudiantes-de-puerto-natales-viven-su-ingreso-a-la-umag\/","title":{"rendered":"Con emoci\u00f3n y expectativas las y los nuevos estudiantes de Puerto Natales viven su ingreso a la UMAG"},"content":{"rendered":"\n<p>\u201cEstoy feliz, porque ya soy adulta, es como que ya cumpl\u00ed con mis hijos. Desde que yo era ni\u00f1a, esto era un sue\u00f1o para todos los natalinos esta universidad y ahora poder estudiar ac\u00e1 es muy lindo\u201d, reflexiona con emoci\u00f3n&nbsp;<strong>Claudia Gaete,<\/strong>&nbsp;quien es una de las nuevas estudiantes que cursar\u00e1 la carrera de T\u00e9cnico en Enfermer\u00eda en el Centro Universitario Puerto Natales de la Universidad de Magallanes (UMAG).<\/p>\n\n\n\n<p>\u201cFueron motivantes los discursos. Me gust\u00f3 sentirme bien acogida, lindo recibimiento\u201d, acota, mientras sostiene en sus manos, su nuevo morral de color burdeo, que al igual que los dem\u00e1s nuevas y nuevos estudiantes recibieron junto a l\u00e1pices y un calendario planificador en la ceremonia de Bienvenida que se realiz\u00f3 en la sede universitaria en la capital de la Provincia de \u00daltima Esperanza.<\/p>\n\n\n\n<p>La ceremonia acogi\u00f3 a parte de los cerca de 100 nuevas y nuevos estudiantes que vivir\u00e1n su a\u00f1o acad\u00e9mico 2025. La actividad cont\u00f3 con la presencia de autoridades universitarias y representantes estudiantiles, quienes destacaron la importancia del centro en el desarrollo regional y en la formaci\u00f3n de nuevas y nuevos t\u00e9cnicos.<\/p>\n\n\n\n<p>Las y los estudiantes, todos egresados de colegios en Puerto Natales, manifestaron su emoci\u00f3n y expectativas para esta nueva etapa.&nbsp;<strong>\u00c1ngel Ortega,<\/strong>&nbsp;matriculado en la carrera de T\u00e9cnico en Turismo, expres\u00f3 su alegr\u00eda por retomar sus estudios: \u00abAntes estuve en otra carrera, pero ahora quiero retomar Turismo. Estoy emocionado por esta oportunidad\u00bb.<\/p>\n\n\n\n<p><strong>Mayra Chavol Villegas<\/strong>, alumna de T\u00e9cnico en Educaci\u00f3n Parvularia, coment\u00f3 que su vocaci\u00f3n naci\u00f3 del cuidado de su sobrina: \u00abDesde chica la he cuidado y eso me impuls\u00f3 a seguir estudiando\u00bb. Mientras que&nbsp;<strong>Yanquir Osorio<\/strong>, estudiante de T\u00e9cnico en Administraci\u00f3n, destac\u00f3 la oportunidad de complementar su formaci\u00f3n con conocimientos en turismo: \u00abMe gustar\u00eda desarrollar habilidades en administraci\u00f3n y gerencia, complementando con el turismo, que es un \u00e1rea fuerte aqu\u00ed\u00bb.<\/p>\n\n\n\n<p><strong>Milan Enrique M\u00e1rquez Ulloa<\/strong>, tambi\u00e9n matriculado en T\u00e9cnico en Turismo, explic\u00f3 su motivaci\u00f3n: \u00abSent\u00ed que pod\u00eda dar m\u00e1s y como el centro ofrece la carrera ac\u00e1, aprovech\u00e9 la oportunidad. Estoy con toda la motivaci\u00f3n para este a\u00f1o\u00bb.<\/p>\n\n\n\n<p><strong>Ivania Salazar,<\/strong>&nbsp;estudiante de T\u00e9cnico en Administraci\u00f3n de Empresas, destac\u00f3 el ambiente acogedor: \u201cSal\u00ed hace dos a\u00f1os, estuve estudiando en Puerto Natales, despu\u00e9s me fui a Punta Areras y decid\u00ed volver para estar m\u00e1s cerca de mi familia, obviamente eso es m\u00e1s importante que cualquier otra cosa.&nbsp;Me sent\u00ed s\u00faper bien en la ceremonia, acogida, e hice amigos de inmediato\u00bb.<\/p>\n\n\n\n<p><strong>Un aporte al crecimiento de Natales<\/strong><\/p>\n\n\n\n<p>La rectora subrogante y vicerrectora de Vinculaci\u00f3n con el Medio de la UMAG,&nbsp;<strong>Lorena Aguilar,&nbsp;<\/strong>subray\u00f3 la relevancia de esta instancia para la comunidad universitaria: \u00abPara la universidad es sumamente importante recibir a estos nuevos y nuevas estudiantes, mechones, que van a dar vida a las carreras t\u00e9cnicas que tiene ac\u00e1 el Centro Universitario de Puerto Natales\u00bb. Asimismo, destac\u00f3 el trabajo conjunto entre el equipo del centro y las distintas vicerrector\u00edas para fortalecer la gesti\u00f3n acad\u00e9mica, la vinculaci\u00f3n con el medio y la investigaci\u00f3n.<\/p>\n\n\n\n<p>Por su parte, la vicerrectora Acad\u00e9mica,&nbsp;<strong>Melissa Flores,&nbsp;<\/strong>enfatiz\u00f3 el compromiso institucional con el desarrollo del centro: \u00abEl Centro Universitario de Puerto Natales es para nosotros un factor principal, y sus estudiantes son quienes le dan vida. Cada una de sus carreras t\u00e9cnicas espera no solo contribuir a su desarrollo personal y familiar, sino que tambi\u00e9n aportar al crecimiento de esta hermosa localidad\u00bb. Adem\u00e1s, indic\u00f3 que la UMAG est\u00e1 trabajando en el fortalecimiento de las carreras t\u00e9cnicas mediante redise\u00f1os curriculares y una mayor articulaci\u00f3n con las facultades.<\/p>\n\n\n\n<p>La directora del Centro Universitario de Puerto Natales,&nbsp;<strong>Claudia Erebitis<\/strong>, reafirm\u00f3 el compromiso del centro con la formaci\u00f3n de los estudiantes: \u00abEstamos muy contentos porque nuevamente la comunidad ha respondido al llamado de estudiar y formarse aqu\u00ed. Este a\u00f1o tenemos alrededor de 210 estudiantes en total y estamos trabajando en la apertura de nuevas carreras y programas de capacitaci\u00f3n\u00bb.<\/p>\n\n\n\n<p>El presidente de la Federaci\u00f3n de Estudiantes de la UMAG,&nbsp;<strong>Felipe Miranda<\/strong>, valor\u00f3 la instancia y el entusiasmo de los mechones: \u00abHa sido algo bastante gratificante ver a los mechones de Puerto Natales, conocer sus experiencias y su centro. Tambi\u00e9n hemos incentivado la organizaci\u00f3n estudiantil, para que los propios estudiantes sean protagonistas en la mejora de sus condiciones acad\u00e9micas\u00bb.<\/p>\n","protected":false},"excerpt":{"rendered":"<p>\u201cEstoy feliz, porque ya soy adulta, es como que ya cumpl\u00ed con mis hijos. Desde que yo era ni\u00f1a, esto era un sue\u00f1o para todos los natalinos esta universidad y&#8230; <a class=\"read-more\" href=\"https:\/\/www.radiopresidenteibanez.cl\/web\/con-emocion-y-expectativas-las-y-los-nuevos-estudiantes-de-puerto-natales-viven-su-ingreso-a-la-umag\/\">Leer m\u00e1s<\/a><\/p>\n","protected":false},"author":2,"featured_media":55026,"comment_status":"closed","ping_status":"closed","sticky":false,"template":"","format":"standard","meta":{"footnotes":""},"categories":[1],"tags":[],"class_list":["post-55025","post","type-post","status-publish","format-standard","has-post-thumbnail","hentry","category-cronica"],"_links":{"self":[{"href":"https:\/\/www.radiopresidenteibanez.cl\/web\/wp-json\/wp\/v2\/posts\/55025","targetHints":{"allow":["GET"]}}],"collection":[{"href":"https:\/\/www.radiopresidenteibanez.cl\/web\/wp-json\/wp\/v2\/posts"}],"about":[{"href":"https:\/\/www.radiopresidenteibanez.cl\/web\/wp-json\/wp\/v2\/types\/post"}],"author":[{"embeddable":true,"href":"https:\/\/www.radiopresidenteibanez.cl\/web\/wp-json\/wp\/v2\/users\/2"}],"replies":[{"embeddable":true,"href":"https:\/\/www.radiopresidenteibanez.cl\/web\/wp-json\/wp\/v2\/comments?post=55025"}],"version-history":[{"count":0,"href":"https:\/\/www.radiopresidenteibanez.cl\/web\/wp-json\/wp\/v2\/posts\/55025\/revisions"}],"wp:featuredmedia":[{"embeddable":true,"href":"https:\/\/www.radiopresidenteibanez.cl\/web\/wp-json\/wp\/v2\/media\/55026"}],"wp:attachment":[{"href":"https:\/\/www.radiopresidenteibanez.cl\/web\/wp-json\/wp\/v2\/media?parent=55025"}],"wp:term":[{"taxonomy":"category","embeddable":true,"href":"https:\/\/www.radiopresidenteibanez.cl\/web\/wp-json\/wp\/v2\/categories?post=55025"},{"taxonomy":"post_tag","embeddable":true,"href":"https:\/\/www.radiopresidenteibanez.cl\/web\/wp-json\/wp\/v2\/tags?post=55025"}],"curies":[{"name":"wp","href":"https:\/\/api.w.org\/{rel}","templated":true}]}}