{"id":5501,"date":"2019-07-02T16:57:25","date_gmt":"2019-07-02T16:57:25","guid":{"rendered":"http:\/\/www.radiopresidenteibanez.cl\/web\/?p=5501"},"modified":"2019-07-02T16:58:06","modified_gmt":"2019-07-02T16:58:06","slug":"medico-geriatra-ramon-lobos-la-jubilacion-como-enfrentar-en-pareja-este-cambio-de-vida","status":"publish","type":"post","link":"https:\/\/www.radiopresidenteibanez.cl\/web\/medico-geriatra-ramon-lobos-la-jubilacion-como-enfrentar-en-pareja-este-cambio-de-vida\/","title":{"rendered":"M\u00c9DICO GERIATRA, RAM\u00d3N LOBOS LA JUBILACI\u00d3N: C\u00d3MO ENFRENTAR EN PAREJA ESTE CAMBIO DE VIDA"},"content":{"rendered":"\n<p>Las etapas de la vida tienen distintas caracter\u00edsticas y\nsituaciones que debemos ir sorteando de diversas maneras. Es el caso de la\njubilaci\u00f3n, que muchas veces es un proceso dif\u00edcil para las personas, debido a\nque tambi\u00e9n marca el inicio de la adultez mayor.<\/p>\n\n\n\n<p>\u201cLa jubilaci\u00f3n es el hito que para muchos marca el inicio de\nla vejez o del deterioro asociado con la edad. El c\u00f3mo se resuelve, c\u00f3mo se\nplantean nuevos desaf\u00edos, c\u00f3mo se socializa el hecho de tener m\u00e1s tiempo libre,\npero menos recursos para financiar mucho de lo que se quiere hacer, significa a\nveces la diferencia entre el \u00e9xito y el fracaso\u201d, explica el m\u00e9dico geriatra,\nRam\u00f3n Lobos.<\/p>\n\n\n\n<p>En la mayor\u00eda de los casos, esta etapa implica, adem\u00e1s,\nvolver a compartir en pareja la mayor parte del d\u00eda, esta vez, sin la presencia\nde los hijos. <\/p>\n\n\n\n<p>\u201cEs importante definir c\u00f3mo la pareja enfrenta esta etapa,\nc\u00f3mo viven juntos este reencuentro en la casa, con m\u00e1s tiempo para ambos, y es\nimportante lo que se haya construido antes y lo que se va a construir desde\nentonces. El di\u00e1logo, la preparaci\u00f3n, el definir tareas comunes, el definir\ntareas personales para cada uno de los integrantes de la pareja, son esenciales\ny es parte del desarrollo\u201d, indic\u00f3 el especialista.<\/p>\n\n\n\n<p>Lobos agreg\u00f3 que, el principal consejo para vivir\nadecuadamente esta etapa, es planificarla y conversar anticipadamente con la\npareja, sobre c\u00f3mo afrontar\u00e1n juntos estos cambios. <\/p>\n\n\n\n<p>\u201cComo muchas cosas, hay que planificar y la planificaci\u00f3n a veces no se da, o no se da el tiempo para sentarse a conversar y establecer qu\u00e9 es importante, qu\u00e9 va a desarrollar cada uno, qu\u00e9 va a desarrollar la pareja, en lo social, en lo afectivo, para con el resto de la sociedad, con los hijos. Qu\u00e9 alcanza con los recursos que se tienen, qu\u00e9 es lo posible, deseable y esperable hacer. Hay tareas en conjunto y otras personales. C\u00f3mo se resuelvan le da la importancia y el sentido a parejas que son exitosas en el envejecimiento\u201d, precis\u00f3 el m\u00e9dico.<\/p>\n\n\n\n<figure class=\"wp-block-image\"><img loading=\"lazy\" decoding=\"async\" width=\"900\" height=\"599\" src=\"http:\/\/www.radiopresidenteibanez.cl\/web\/wp-content\/uploads\/2019\/03\/RAMON-LOBOS-2-1.jpg-1.jpg\" alt=\"\" class=\"wp-image-2457\" srcset=\"https:\/\/www.radiopresidenteibanez.cl\/web\/wp-content\/uploads\/2019\/03\/RAMON-LOBOS-2-1.jpg-1.jpg 900w, https:\/\/www.radiopresidenteibanez.cl\/web\/wp-content\/uploads\/2019\/03\/RAMON-LOBOS-2-1.jpg-1-300x200.jpg 300w, https:\/\/www.radiopresidenteibanez.cl\/web\/wp-content\/uploads\/2019\/03\/RAMON-LOBOS-2-1.jpg-1-768x511.jpg 768w\" sizes=\"auto, (max-width: 900px) 100vw, 900px\" \/><\/figure>\n","protected":false},"excerpt":{"rendered":"<p>Las etapas de la vida tienen distintas caracter\u00edsticas y situaciones que debemos ir sorteando de diversas maneras. Es el caso de la jubilaci\u00f3n, que muchas veces es un proceso dif\u00edcil&#8230; <a class=\"read-more\" href=\"https:\/\/www.radiopresidenteibanez.cl\/web\/medico-geriatra-ramon-lobos-la-jubilacion-como-enfrentar-en-pareja-este-cambio-de-vida\/\">Leer m\u00e1s<\/a><\/p>\n","protected":false},"author":2,"featured_media":2457,"comment_status":"closed","ping_status":"closed","sticky":false,"template":"","format":"standard","meta":{"footnotes":""},"categories":[1],"tags":[],"class_list":["post-5501","post","type-post","status-publish","format-standard","has-post-thumbnail","hentry","category-cronica"],"_links":{"self":[{"href":"https:\/\/www.radiopresidenteibanez.cl\/web\/wp-json\/wp\/v2\/posts\/5501","targetHints":{"allow":["GET"]}}],"collection":[{"href":"https:\/\/www.radiopresidenteibanez.cl\/web\/wp-json\/wp\/v2\/posts"}],"about":[{"href":"https:\/\/www.radiopresidenteibanez.cl\/web\/wp-json\/wp\/v2\/types\/post"}],"author":[{"embeddable":true,"href":"https:\/\/www.radiopresidenteibanez.cl\/web\/wp-json\/wp\/v2\/users\/2"}],"replies":[{"embeddable":true,"href":"https:\/\/www.radiopresidenteibanez.cl\/web\/wp-json\/wp\/v2\/comments?post=5501"}],"version-history":[{"count":0,"href":"https:\/\/www.radiopresidenteibanez.cl\/web\/wp-json\/wp\/v2\/posts\/5501\/revisions"}],"wp:featuredmedia":[{"embeddable":true,"href":"https:\/\/www.radiopresidenteibanez.cl\/web\/wp-json\/wp\/v2\/media\/2457"}],"wp:attachment":[{"href":"https:\/\/www.radiopresidenteibanez.cl\/web\/wp-json\/wp\/v2\/media?parent=5501"}],"wp:term":[{"taxonomy":"category","embeddable":true,"href":"https:\/\/www.radiopresidenteibanez.cl\/web\/wp-json\/wp\/v2\/categories?post=5501"},{"taxonomy":"post_tag","embeddable":true,"href":"https:\/\/www.radiopresidenteibanez.cl\/web\/wp-json\/wp\/v2\/tags?post=5501"}],"curies":[{"name":"wp","href":"https:\/\/api.w.org\/{rel}","templated":true}]}}