{"id":54999,"date":"2025-03-14T16:36:00","date_gmt":"2025-03-14T19:36:00","guid":{"rendered":"https:\/\/www.radiopresidenteibanez.cl\/web\/?p=54999"},"modified":"2025-03-14T11:24:31","modified_gmt":"2025-03-14T14:24:31","slug":"seremi-de-energia-de-magallanes-llama-a-postular-a-iniciativa-agua-rural-solar","status":"publish","type":"post","link":"https:\/\/www.radiopresidenteibanez.cl\/web\/seremi-de-energia-de-magallanes-llama-a-postular-a-iniciativa-agua-rural-solar\/","title":{"rendered":"Seremi de Energ\u00eda de Magallanes llama a postular a iniciativa \u201cAgua Rural Solar\u201d"},"content":{"rendered":"\n<p>Para fortalecer el acceso a servicios b\u00e1sicos en zonas rurales y enfrentar los costos energ\u00e9ticos que tienen los proyectos de agua potable rural, el Ministerio de Energ\u00eda presenta el programa \u201c<strong>Agua Rural Solar\u201d<\/strong>, que busca entregar asistencia t\u00e9cnica y acompa\u00f1amiento a los Sistemas Sanitarios Rurales (SSR) para la implementaci\u00f3n de soluciones energ\u00e9ticas sostenibles.<\/p>\n\n\n\n<p>A trav\u00e9s del uso de energ\u00edas renovables y medidas de eficiencia energ\u00e9tica, esta iniciativa permitir\u00e1 reducir desde un 40% hasta un 60% los costos de electricidad para los SSR, mejorando la gesti\u00f3n energ\u00e9tica y beneficiando directamente a comunidades rurales en todo el pa\u00eds.<\/p>\n\n\n\n<p>\u00abCon esta iniciativa queremos avanzar en soluciones concretas para que los Sistemas Sanitarios Rurales puedan operar con menor dependencia de fuentes de energ\u00eda costosas y contaminantes. Al incorporar energ\u00edas renovables y eficiencia energ\u00e9tica, no solo bajamos costos, sino que tambi\u00e9n fortalecemos la sostenibilidad de estos sistemas esenciales para miles de personas en sectores rurales\u00bb, explic\u00f3 el ministro de Energ\u00eda, Diego Pardow.<\/p>\n\n\n\n<p><strong>MAGALLANES<\/strong><\/p>\n\n\n\n<p>En la regi\u00f3n, hasta el a\u00f1o pasado hab\u00edan registrados 11 SSR, los cuales cubr\u00edan las necesidades de un total de casi 3.200 personas.<\/p>\n\n\n\n<p>En este sentido y en l\u00ednea con lo expresado por el ministro Pardow, el representante en Magallanes de la cartera de Energ\u00eda, Sergio Cuiti\u00f1o, complement\u00f3 que \u201cla iniciativa, al fortalecer la sostenibilidad de estos sistemas en sectores alejados de los centros urbanos, tambi\u00e9n robustece y mejora la calidad de vida de las personas que habitan sectores rurales, generando ahorros y otorgando mayor autonom\u00eda para el despliegue y desarrollo de sus actividades diarias; todo, mediante soluciones renovables\u201d.<\/p>\n\n\n\n<p>Lo anterior -a\u00f1adi\u00f3 Cuiti\u00f1o-, se enmarca en el permanente compromiso que ha tenido el Gobierno del Presidente Gabriel Boric con las pol\u00edticas sociales que, entre otros objetivos, buscan mitigar el alza de los costos de la energ\u00eda producto del congelamiento de tarifas iniciado el 2019.<\/p>\n\n\n\n<p>Quien tambi\u00e9n valor\u00f3 el programa desde el punto de vista del mundo campesino fue la seremi de Agricultura de Magallanes, Irene Ram\u00edrez M\u00e9rida. La autoridad dijo que proveer herramientas y generar oportunidades para el desarrollo rural constituye una de las estrategias prioritarias de este Gobierno.<\/p>\n\n\n\n<p>\u201cEn este contexto, la implementaci\u00f3n de concursos que permitir\u00e1n evaluar la viabilidad de proyectos sostenibles marca un avance significativo hacia un futuro m\u00e1s equitativo. Las energ\u00edas renovables no convencionales representan una soluci\u00f3n transversal que puede transformar positivamente diversas actividades productivas y sociales en las comunidades rurales. Gracias al apoyo del Ministerio de Energ\u00eda, hoy es posible integrar estas tecnolog\u00edas limpias en sistemas sanitarios rurales, promoviendo un modelo de desarrollo que combina eficiencia, sostenibilidad y calidad de vida para las zonas rurales\u201d.<\/p>\n\n\n\n<p>De igual modo, su par de Gobierno, Andro Mimica, destac\u00f3 la medida que apunta a contribuir con la descentralizaci\u00f3n del pa\u00eds que, adem\u00e1s, constituye un pilar fundamental del programa de Gobierno. &nbsp;<\/p>\n\n\n\n<p>\u201cSon muy importantes las pol\u00edticas de descentralizaci\u00f3n para que vayan llegando a las distintas comunidades, y no solamente al interior de las grandes ciudades. Por eso es tan relevante este trabajo; lograr que las personas que viven en sectores alejados tambi\u00e9n puedan contar con los servicios b\u00e1sicos y a m\u00e1s bajo costo\u201d, asever\u00f3 Mimica.<\/p>\n\n\n\n<p>Las organizaciones administradoras de SSR pueden postular a esta convocatoria para el acompa\u00f1amiento t\u00e9cnico de la Agencia de Sostenibilidad Energ\u00e9tica en el sitio:&nbsp;<a href=\"https:\/\/www.agenciase.org\/agua-rural-solar\/\" target=\"_blank\" rel=\"noreferrer noopener\">https:\/\/www.agenciase.org\/agua-rural-solar\/<\/a><\/p>\n","protected":false},"excerpt":{"rendered":"<p>Para fortalecer el acceso a servicios b\u00e1sicos en zonas rurales y enfrentar los costos energ\u00e9ticos que tienen los proyectos de agua potable rural, el Ministerio de Energ\u00eda presenta el programa&#8230; <a class=\"read-more\" href=\"https:\/\/www.radiopresidenteibanez.cl\/web\/seremi-de-energia-de-magallanes-llama-a-postular-a-iniciativa-agua-rural-solar\/\">Leer m\u00e1s<\/a><\/p>\n","protected":false},"author":2,"featured_media":55000,"comment_status":"closed","ping_status":"closed","sticky":false,"template":"","format":"standard","meta":{"footnotes":""},"categories":[1],"tags":[],"class_list":["post-54999","post","type-post","status-publish","format-standard","has-post-thumbnail","hentry","category-cronica"],"_links":{"self":[{"href":"https:\/\/www.radiopresidenteibanez.cl\/web\/wp-json\/wp\/v2\/posts\/54999","targetHints":{"allow":["GET"]}}],"collection":[{"href":"https:\/\/www.radiopresidenteibanez.cl\/web\/wp-json\/wp\/v2\/posts"}],"about":[{"href":"https:\/\/www.radiopresidenteibanez.cl\/web\/wp-json\/wp\/v2\/types\/post"}],"author":[{"embeddable":true,"href":"https:\/\/www.radiopresidenteibanez.cl\/web\/wp-json\/wp\/v2\/users\/2"}],"replies":[{"embeddable":true,"href":"https:\/\/www.radiopresidenteibanez.cl\/web\/wp-json\/wp\/v2\/comments?post=54999"}],"version-history":[{"count":0,"href":"https:\/\/www.radiopresidenteibanez.cl\/web\/wp-json\/wp\/v2\/posts\/54999\/revisions"}],"wp:featuredmedia":[{"embeddable":true,"href":"https:\/\/www.radiopresidenteibanez.cl\/web\/wp-json\/wp\/v2\/media\/55000"}],"wp:attachment":[{"href":"https:\/\/www.radiopresidenteibanez.cl\/web\/wp-json\/wp\/v2\/media?parent=54999"}],"wp:term":[{"taxonomy":"category","embeddable":true,"href":"https:\/\/www.radiopresidenteibanez.cl\/web\/wp-json\/wp\/v2\/categories?post=54999"},{"taxonomy":"post_tag","embeddable":true,"href":"https:\/\/www.radiopresidenteibanez.cl\/web\/wp-json\/wp\/v2\/tags?post=54999"}],"curies":[{"name":"wp","href":"https:\/\/api.w.org\/{rel}","templated":true}]}}