{"id":54993,"date":"2025-03-14T12:56:00","date_gmt":"2025-03-14T15:56:00","guid":{"rendered":"https:\/\/www.radiopresidenteibanez.cl\/web\/?p=54993"},"modified":"2025-03-14T11:02:44","modified_gmt":"2025-03-14T14:02:44","slug":"cft-de-magallanes-da-inicio-a-su-ano-academico-con-un-35-de-aumento-en-su-matricula","status":"publish","type":"post","link":"https:\/\/www.radiopresidenteibanez.cl\/web\/cft-de-magallanes-da-inicio-a-su-ano-academico-con-un-35-de-aumento-en-su-matricula\/","title":{"rendered":"CFT de Magallanes da inicio a su a\u00f1o acad\u00e9mico con un 35% de aumento en su matr\u00edcula"},"content":{"rendered":"\n<p>Este lunes 10 y martes 11 de marzo marcaron el inicio del a\u00f1o acad\u00e9mico 2025 en la sede de Porvenir del Centro de Formaci\u00f3n T\u00e9cnica (CFT) de Magallanes, jornadas en las que las y los nuevos estudiantes participaron en la inducci\u00f3n institucional, recorrieron las instalaciones y se maravillaron con los espacios habilitados para su formaci\u00f3n. A su vez, los estudiantes de cursos superiores retomaron sus clases, reencontr\u00e1ndose con sus compa\u00f1eros, compa\u00f1eras y docentes.<br>Con un crecimiento del 35% en la matr\u00edcula en comparaci\u00f3n al a\u00f1o anterior, el CFT de Magallanes<br>consolida su impacto en la regi\u00f3n, reafirmando su compromiso con la educaci\u00f3n t\u00e9cnica y el desarrollo profesional de la comunidad fueguina.<br>El entusiasmo de los nuevos estudiantes qued\u00f3 reflejado en las palabras de Janina \u00c1lvarez, quien a sus 63 a\u00f1os ingres\u00f3 a la carrera de T\u00e9cnico en Enfermer\u00eda: \u00abPara m\u00ed y mi pareja significa un aporte, ya que ambas vamos a estudiar la misma carrera. Es una meta personal, un lindo objetivo, porque siempre es bueno mantener la mente activa. El CFT ha crecido mucho en los \u00faltimos a\u00f1os y es una excelente alternativa, no solo para la gente fueguina, sino tambi\u00e9n para quienes vienen desde otros lugares\u201d. Ellas decidieron seguir esta especialidad para poder cuidarse mutuamente con el paso de los a\u00f1os.<br>Por su parte, Paulo Az\u00faa, estudiante de T\u00e9cnico en Administraci\u00f3n de Sistemas Log\u00edsticos, destac\u00f3 la importancia de la presencialidad en su decisi\u00f3n de ingresar al CFT: \u00abSiempre he trabajado en log\u00edstica y administraci\u00f3n de bodegas, y ahora quiero certificarme. Antes intent\u00e9 estudiar online, pero no me result\u00f3. Aqu\u00ed el programa es presencial, lo que me motiva mucho m\u00e1s. Espero el apoyo de los docentes, porque hace muchos a\u00f1os que no estudio y s\u00e9 que ser\u00e1 un<br>desaf\u00edo.\u00bb<br>En la misma l\u00ednea, Catherine Araya, quien tambi\u00e9n opt\u00f3 por la carrera de Administraci\u00f3n en Sistemas Log\u00edsticos, resalt\u00f3 la flexibilidad y cercan\u00eda del CFT con su vida laboral:<br>\u00abMi trabajo est\u00e1 muy relacionado con esta carrera y mi jefe me incentiv\u00f3 a estudiarla. Me queda cerca de casa y los horarios son muy c\u00f3modos, lo que facilita compatibilizar el estudio con mi trabajo. Espero mucho apoyo y paciencia, porque ya han pasado algunos a\u00f1os desde la \u00faltima vez que estudi\u00e9.\u00bb<br>Finalmente, la rectora del CFT de Magallanes, Valeria Gallardo Abello, expres\u00f3 su satisfacci\u00f3n por el<br>crecimiento institucional y el compromiso de los estudiantes: \u00abEstamos muy contentos, porque respecto a la matr\u00edcula de 2024 hemos tenido un incremento del 35%.<br>Tambi\u00e9n estamos recibiendo a estudiantes de cohortes anteriores, lo que nos motiva a\u00fan m\u00e1s para<br>seguir brindando educaci\u00f3n de calidad. Esperamos que este nuevo a\u00f1o acad\u00e9mico sea exitoso y que nuestros estudiantes logren su meta de obtener su t\u00edtulo profesional en las siete carreras que<br>impartimos en Porvenir\u00bb.<br>Para quienes a\u00fan no han asegurado su cupo, las matr\u00edculas contin\u00faan abiertas hasta finales de marzo.<br>M\u00e1s informaci\u00f3n en https:\/\/admision.cftdemagallanes.cl\/<\/p>\n\n\n\n<p><\/p>\n","protected":false},"excerpt":{"rendered":"<p>Este lunes 10 y martes 11 de marzo marcaron el inicio del a\u00f1o acad\u00e9mico 2025 en la sede de Porvenir del Centro de Formaci\u00f3n T\u00e9cnica (CFT) de Magallanes, jornadas en&#8230; <a class=\"read-more\" href=\"https:\/\/www.radiopresidenteibanez.cl\/web\/cft-de-magallanes-da-inicio-a-su-ano-academico-con-un-35-de-aumento-en-su-matricula\/\">Leer m\u00e1s<\/a><\/p>\n","protected":false},"author":2,"featured_media":54994,"comment_status":"closed","ping_status":"closed","sticky":false,"template":"","format":"standard","meta":{"footnotes":""},"categories":[1],"tags":[],"class_list":["post-54993","post","type-post","status-publish","format-standard","has-post-thumbnail","hentry","category-cronica"],"_links":{"self":[{"href":"https:\/\/www.radiopresidenteibanez.cl\/web\/wp-json\/wp\/v2\/posts\/54993","targetHints":{"allow":["GET"]}}],"collection":[{"href":"https:\/\/www.radiopresidenteibanez.cl\/web\/wp-json\/wp\/v2\/posts"}],"about":[{"href":"https:\/\/www.radiopresidenteibanez.cl\/web\/wp-json\/wp\/v2\/types\/post"}],"author":[{"embeddable":true,"href":"https:\/\/www.radiopresidenteibanez.cl\/web\/wp-json\/wp\/v2\/users\/2"}],"replies":[{"embeddable":true,"href":"https:\/\/www.radiopresidenteibanez.cl\/web\/wp-json\/wp\/v2\/comments?post=54993"}],"version-history":[{"count":0,"href":"https:\/\/www.radiopresidenteibanez.cl\/web\/wp-json\/wp\/v2\/posts\/54993\/revisions"}],"wp:featuredmedia":[{"embeddable":true,"href":"https:\/\/www.radiopresidenteibanez.cl\/web\/wp-json\/wp\/v2\/media\/54994"}],"wp:attachment":[{"href":"https:\/\/www.radiopresidenteibanez.cl\/web\/wp-json\/wp\/v2\/media?parent=54993"}],"wp:term":[{"taxonomy":"category","embeddable":true,"href":"https:\/\/www.radiopresidenteibanez.cl\/web\/wp-json\/wp\/v2\/categories?post=54993"},{"taxonomy":"post_tag","embeddable":true,"href":"https:\/\/www.radiopresidenteibanez.cl\/web\/wp-json\/wp\/v2\/tags?post=54993"}],"curies":[{"name":"wp","href":"https:\/\/api.w.org\/{rel}","templated":true}]}}