{"id":5499,"date":"2019-07-02T16:53:05","date_gmt":"2019-07-02T16:53:05","guid":{"rendered":"http:\/\/www.radiopresidenteibanez.cl\/web\/?p=5499"},"modified":"2019-07-02T16:53:46","modified_gmt":"2019-07-02T16:53:46","slug":"150-cupos-para-magallanes-ofrece-nuevo-programa-de-capacitacion-para-micro-y-pequenas-empresas","status":"publish","type":"post","link":"https:\/\/www.radiopresidenteibanez.cl\/web\/150-cupos-para-magallanes-ofrece-nuevo-programa-de-capacitacion-para-micro-y-pequenas-empresas\/","title":{"rendered":"150 CUPOS PARA MAGALLANES OFRECE NUEVO PROGRAMA DE CAPACITACI\u00d3N PARA MICRO Y PEQUE\u00d1AS EMPRESAS"},"content":{"rendered":"\n<p>Con el objetivo de dar\nun nuevo impulso a las micro y peque\u00f1as empresas de la regi\u00f3n, el Servicio\nNacional de Capacitaci\u00f3n y Empleo (Sence) est\u00e1 lanzando el nuevo programa\n\u201cDespega Mipe\u201d, que contempla un total de 150 cupos en Magallanes para\ncapacitar sin costo a los due\u00f1os de estas empresas y sus trabajadores,\nayud\u00e1ndolos as\u00ed al mejoramiento de su capital humano y prepar\u00e1ndolos de mejor\nforma ante el vertiginoso ritmo del mercado laboral y econ\u00f3mico.<\/p>\n\n\n\n<p>As\u00ed lo detall\u00f3 la\nSeremi del Trabajo, Victoria Cort\u00e9s Schiattino, quien dio a conocer los\ndetalles de este importante programa que lanza el llamado \u201cNuevo Sence\u201d a la\nzona. \u201cAs\u00ed es, estamos ante una nueva iniciativa de Sence, en el marco de esta\nmodernizaci\u00f3n que ha sufrido el servicio, bajo el mandatado del Presidente\nSebasti\u00e1n Pi\u00f1era y que en esta ocasi\u00f3n busca otorgar un nuevo aliento a las\nempresas m\u00e1s peque\u00f1as de la zona, otorg\u00e1ndoles capacitaci\u00f3n absolutamente\ngratuita en \u00e1reas tan importantes como ingl\u00e9s, inform\u00e1tica y turismo\u201d, expres\u00f3\nla autoridad laboral.<\/p>\n\n\n\n<p>\u201cLas postulaciones ya\nest\u00e1n abiertas y la idea es que puedan acceder a ellas la mayor cantidad de\ndue\u00f1os de micro y peque\u00f1as empresas magall\u00e1nicas, junto con sus trabajadores,\nporque por primera vez desde su creaci\u00f3n, este programa incluye a los\ntrabajadores tambi\u00e9n en las capacitaciones a las que acceda la empresa, quienes\npueden inscribirse de manera independiente, bajo su propia decisi\u00f3n\u201d, agreg\u00f3\nCort\u00e9s.<\/p>\n\n\n\n<p>De acuerdo a la\ninformaci\u00f3n aportada por Sence, en Magallanes se encuentran abiertas las\npostulaciones a cursos de Ingl\u00e9s b\u00e1sico, Administraci\u00f3n de establecimientos\ngastron\u00f3micos y Herramientas computacionales b\u00e1sicas, con un total de 125 cupos\npara Punta Arenas y, en Porvenir, se encuentran disponibles otros 25 cupos para\nel curso de Ingl\u00e9s B\u00e1sico.<\/p>\n\n\n\n<p>Entre los requisitos\npara acceder a este programa se encuentran: ser representante legal, due\u00f1o,\nsocio o trabajador de una Micro o Peque\u00f1a Empresa; y tener ingresos anuales por\nventas, servicios u otras actividades del giro que no excedan las 25 mil UF en\nel \u00faltimo a\u00f1o calendario.<\/p>\n\n\n\n<p>Las postulaciones ya est\u00e1n abiertas a trav\u00e9s del sitio <a href=\"http:\/\/www.sence.cl\">www.sence.cl<\/a>, a trav\u00e9s del banner del programa Despega Mipe, o en la oficina de Sence Magallanes, ubicada en calle Magallanes 538, Punta Arenas.<\/p>\n\n\n\n<figure class=\"wp-block-image\"><img loading=\"lazy\" decoding=\"async\" width=\"921\" height=\"639\" src=\"http:\/\/www.radiopresidenteibanez.cl\/web\/wp-content\/uploads\/2019\/06\/IMG_008_1.jpg\" alt=\"\" class=\"wp-image-5398\" srcset=\"https:\/\/www.radiopresidenteibanez.cl\/web\/wp-content\/uploads\/2019\/06\/IMG_008_1.jpg 921w, https:\/\/www.radiopresidenteibanez.cl\/web\/wp-content\/uploads\/2019\/06\/IMG_008_1-300x208.jpg 300w, https:\/\/www.radiopresidenteibanez.cl\/web\/wp-content\/uploads\/2019\/06\/IMG_008_1-768x533.jpg 768w\" sizes=\"auto, (max-width: 921px) 100vw, 921px\" \/><\/figure>\n","protected":false},"excerpt":{"rendered":"<p>Con el objetivo de dar un nuevo impulso a las micro y peque\u00f1as empresas de la regi\u00f3n, el Servicio Nacional de Capacitaci\u00f3n y Empleo (Sence) est\u00e1 lanzando el nuevo programa&#8230; <a class=\"read-more\" href=\"https:\/\/www.radiopresidenteibanez.cl\/web\/150-cupos-para-magallanes-ofrece-nuevo-programa-de-capacitacion-para-micro-y-pequenas-empresas\/\">Leer m\u00e1s<\/a><\/p>\n","protected":false},"author":2,"featured_media":5398,"comment_status":"closed","ping_status":"closed","sticky":false,"template":"","format":"standard","meta":{"footnotes":""},"categories":[1],"tags":[],"class_list":["post-5499","post","type-post","status-publish","format-standard","has-post-thumbnail","hentry","category-cronica"],"_links":{"self":[{"href":"https:\/\/www.radiopresidenteibanez.cl\/web\/wp-json\/wp\/v2\/posts\/5499","targetHints":{"allow":["GET"]}}],"collection":[{"href":"https:\/\/www.radiopresidenteibanez.cl\/web\/wp-json\/wp\/v2\/posts"}],"about":[{"href":"https:\/\/www.radiopresidenteibanez.cl\/web\/wp-json\/wp\/v2\/types\/post"}],"author":[{"embeddable":true,"href":"https:\/\/www.radiopresidenteibanez.cl\/web\/wp-json\/wp\/v2\/users\/2"}],"replies":[{"embeddable":true,"href":"https:\/\/www.radiopresidenteibanez.cl\/web\/wp-json\/wp\/v2\/comments?post=5499"}],"version-history":[{"count":0,"href":"https:\/\/www.radiopresidenteibanez.cl\/web\/wp-json\/wp\/v2\/posts\/5499\/revisions"}],"wp:featuredmedia":[{"embeddable":true,"href":"https:\/\/www.radiopresidenteibanez.cl\/web\/wp-json\/wp\/v2\/media\/5398"}],"wp:attachment":[{"href":"https:\/\/www.radiopresidenteibanez.cl\/web\/wp-json\/wp\/v2\/media?parent=5499"}],"wp:term":[{"taxonomy":"category","embeddable":true,"href":"https:\/\/www.radiopresidenteibanez.cl\/web\/wp-json\/wp\/v2\/categories?post=5499"},{"taxonomy":"post_tag","embeddable":true,"href":"https:\/\/www.radiopresidenteibanez.cl\/web\/wp-json\/wp\/v2\/tags?post=5499"}],"curies":[{"name":"wp","href":"https:\/\/api.w.org\/{rel}","templated":true}]}}