{"id":54981,"date":"2025-03-14T08:28:06","date_gmt":"2025-03-14T11:28:06","guid":{"rendered":"https:\/\/www.radiopresidenteibanez.cl\/web\/?p=54981"},"modified":"2025-03-14T08:28:13","modified_gmt":"2025-03-14T11:28:13","slug":"lanzamiento-del-fondo-de-fortalecimiento-de-organizaciones-de-interespublico-2025-mas-recursos-para-fortalecer-la-participacion-ciudadana","status":"publish","type":"post","link":"https:\/\/www.radiopresidenteibanez.cl\/web\/lanzamiento-del-fondo-de-fortalecimiento-de-organizaciones-de-interespublico-2025-mas-recursos-para-fortalecer-la-participacion-ciudadana\/","title":{"rendered":"Lanzamiento del Fondo de Fortalecimiento de Organizaciones de Inter\u00e9sP\u00fablico 2025: M\u00e1s recursos para fortalecer la participaci\u00f3n ciudadana"},"content":{"rendered":"\n<p>Ya est\u00e1 abierta la convocatoria para el Fondo de Fortalecimiento de Organizaciones<br>de Inter\u00e9s P\u00fablico 2025, perteneciente a la Secretar\u00eda General de Gobierno, una iniciativa que<br>busca seguir apoyando a las organizaciones sociales sin fines de lucro en su labor de promoci\u00f3n de<br>derechos ciudadanos, equidad de g\u00e9nero, asistencia social, educaci\u00f3n, salud, medio ambiente y<br>m\u00e1s. Este a\u00f1o, el fondo contar\u00e1 con un 16% m\u00e1s de recursos, alcanzando los 73 millones de pesos,<br>y permitiendo ampliar su impacto en la comunidad.<br>En el lanzamiento del fondo, donde participaron m\u00e1s de 100 personas, el seremi de Gobierno,<br>Andro Mimica, destac\u00f3 la importancia de este fondo y el compromiso con la descentralizaci\u00f3n de<br>los recursos: \u201cEsta vez vamos a tener un aumento de casi 10 millones de pesos y, como ha sido la<br>t\u00f3nica de nuestra gesti\u00f3n, estamos trabajando para llegar a todos los territorios. Durante estos<br>dos a\u00f1os hemos alcanzado las cuatro provincias y queremos seguir en esa l\u00ednea. Invitamos a todas<br>las organizaciones a postular, ya que sin la participaci\u00f3n ciudadana muchas pol\u00edticas p\u00fablicas<br>ser\u00edan imposibles de llevar adelante\u201d.<br>El fondo mantiene sus tres l\u00edneas de financiamiento: $2 millones para proyectos comunales, $4<br>millones para iniciativas regionales y $10 millones para propuestas de alcance nacional. Adem\u00e1s,<br>por segundo a\u00f1o consecutivo, en alianza con la Subsecretar\u00eda de la Ni\u00f1ez, se suma una cuarta l\u00ednea<br>de financiamiento enfocada en la participaci\u00f3n ciudadana de ni\u00f1os, ni\u00f1as y adolescentes. En<br>relaci\u00f3n con este enfoque, el seremi de Desarrollo Social y Familia, Danilo Mimica, subray\u00f3:<br>\u201cHacemos un llamado a todas las organizaciones ligadas a la infancia para que postulen. Estos<br>fondos est\u00e1n muy alineados con nuestra labor de fortalecer el Sistema Nacional de Apoyos de<br>Cuidado y la implementaci\u00f3n de la Ley de Garant\u00edas a trav\u00e9s de las oficinas locales de la Ni\u00f1ez\u201d.<br>Ejemplo del impacto de estos fondos es la experiencia del Grupo de Gu\u00edas y Scouts Don Bosco.<br>Milton G\u00f3mez Barr\u00eda, su representante, comparti\u00f3 c\u00f3mo lograron financiar proyectos en 2023 y<br>2024: \u201cNuestros j\u00f3venes eligieron el cuidado y protecci\u00f3n del medio ambiente como eje de<br>trabajo. Gracias a este fondo, adquirimos composteras para las familias del grupo y luego<br>implementamos un proyecto de siembra de hierbas medicinales, permitiendo a ni\u00f1os, ni\u00f1as y<br>j\u00f3venes aprender sobre cultivo y sostenibilidad\u201d.<br>Las postulaciones ya est\u00e1n abiertas y los plazos var\u00edan seg\u00fan la l\u00ednea de financiamiento. Para la<br>l\u00ednea de fortalecimiento de la participaci\u00f3n ciudadana en ni\u00f1os, ni\u00f1as y adolescentes, la<br>postulaci\u00f3n en papel cierra el 7 de abril y en l\u00ednea el 13 de abril. Para la l\u00ednea general de<\/p>\n\n\n\n<p>Organizaciones de Inter\u00e9s P\u00fablico, la postulaci\u00f3n en papel cierra el 17 de abril y en l\u00ednea el 2 de<br>mayo.<br>Las organizaciones interesadas pueden acceder a la postulaci\u00f3n a trav\u00e9s de plataforma de<br>postulaci\u00f3n en fondos.gob.cl o acercarse a la Secretar\u00eda Regional Ministerial de Gobierno para<br>recibir orientaci\u00f3n, cuya oficina est\u00e1 ubicada en el Edificio Magallanes, Bories 901 (frente a edificio<br>de Correos). O en la web fondodefortalecimiento.gob.cl. O escribir a los correos<br>fondodefortalecimiento@msgg.gob.cl o andrea.mandujano.cl<br>\u00a1La fuerza de las ideas mueve! Este es el momento para fortalecer el trabajo comunitario y seguir<br>impulsando el cambio desde las organizaciones sociales.<\/p>\n","protected":false},"excerpt":{"rendered":"<p>Ya est\u00e1 abierta la convocatoria para el Fondo de Fortalecimiento de Organizacionesde Inter\u00e9s P\u00fablico 2025, perteneciente a la Secretar\u00eda General de Gobierno, una iniciativa quebusca seguir apoyando a las organizaciones&#8230; <a class=\"read-more\" href=\"https:\/\/www.radiopresidenteibanez.cl\/web\/lanzamiento-del-fondo-de-fortalecimiento-de-organizaciones-de-interespublico-2025-mas-recursos-para-fortalecer-la-participacion-ciudadana\/\">Leer m\u00e1s<\/a><\/p>\n","protected":false},"author":2,"featured_media":54982,"comment_status":"closed","ping_status":"closed","sticky":false,"template":"","format":"standard","meta":{"footnotes":""},"categories":[1],"tags":[],"class_list":["post-54981","post","type-post","status-publish","format-standard","has-post-thumbnail","hentry","category-cronica"],"_links":{"self":[{"href":"https:\/\/www.radiopresidenteibanez.cl\/web\/wp-json\/wp\/v2\/posts\/54981","targetHints":{"allow":["GET"]}}],"collection":[{"href":"https:\/\/www.radiopresidenteibanez.cl\/web\/wp-json\/wp\/v2\/posts"}],"about":[{"href":"https:\/\/www.radiopresidenteibanez.cl\/web\/wp-json\/wp\/v2\/types\/post"}],"author":[{"embeddable":true,"href":"https:\/\/www.radiopresidenteibanez.cl\/web\/wp-json\/wp\/v2\/users\/2"}],"replies":[{"embeddable":true,"href":"https:\/\/www.radiopresidenteibanez.cl\/web\/wp-json\/wp\/v2\/comments?post=54981"}],"version-history":[{"count":0,"href":"https:\/\/www.radiopresidenteibanez.cl\/web\/wp-json\/wp\/v2\/posts\/54981\/revisions"}],"wp:featuredmedia":[{"embeddable":true,"href":"https:\/\/www.radiopresidenteibanez.cl\/web\/wp-json\/wp\/v2\/media\/54982"}],"wp:attachment":[{"href":"https:\/\/www.radiopresidenteibanez.cl\/web\/wp-json\/wp\/v2\/media?parent=54981"}],"wp:term":[{"taxonomy":"category","embeddable":true,"href":"https:\/\/www.radiopresidenteibanez.cl\/web\/wp-json\/wp\/v2\/categories?post=54981"},{"taxonomy":"post_tag","embeddable":true,"href":"https:\/\/www.radiopresidenteibanez.cl\/web\/wp-json\/wp\/v2\/tags?post=54981"}],"curies":[{"name":"wp","href":"https:\/\/api.w.org\/{rel}","templated":true}]}}