{"id":5496,"date":"2019-07-02T15:33:14","date_gmt":"2019-07-02T15:33:14","guid":{"rendered":"http:\/\/www.radiopresidenteibanez.cl\/web\/?p=5496"},"modified":"2019-07-02T15:33:40","modified_gmt":"2019-07-02T15:33:40","slug":"municipio-entrego-insumos-a-mas-de-cien-agrupaciones-de-adultos-mayores","status":"publish","type":"post","link":"https:\/\/www.radiopresidenteibanez.cl\/web\/municipio-entrego-insumos-a-mas-de-cien-agrupaciones-de-adultos-mayores\/","title":{"rendered":"MUNICIPIO ENTREG\u00d3 INSUMOS A M\u00c1S DE CIEN AGRUPACIONES DE ADULTOS MAYORES"},"content":{"rendered":"\n<p> Como una forma de apoyar a los adultos mayores en la llegada del invierno, el Municipio de Punta Arenas, a trav\u00e9s de la Direcci\u00f3n de Desarrollo Comunitario, hizo entrega de una canasta b\u00e1sica de insumos, a m\u00e1s de cien agrupaciones de adultos mayores de la comuna.<\/p>\n\n\n\n<p>\u201cEs un desaf\u00edo que nos ha puesto el alcalde para poder cumplir en la llegada del invierno, para apoyar a todas aquellas agrupaciones, a trav\u00e9s de sus respectivas directivas, entregando insumos b\u00e1sicos para que, cuando ellos desarrollen sus reuniones, de manera semanal, puedan compartir un caf\u00e9, un t\u00e9\u201d, afirm\u00f3 la directora de Desarrollo Comunitario, Elena Blackwood.<br>Dentro de la canasta entregada, se encontraban insumos b\u00e1sicos, como caf\u00e9, t\u00e9, az\u00facar, y otros elementos que resultan muy importantes para los dirigentes.\u00a0<\/p>\n\n\n\n<p>\u201cEcon\u00f3micamente, es algo que ya uno no tiene que estarlo comprando, y hasta llegar el t\u00e9rmino de ello, ha sido una ayuda bastante macanuda\u201d, afirm\u00f3 Olegario Leuqu\u00e9n, presidente del Club de Adultos Mayores \u201cAlegre Despertar\u201d.\u00a0<\/p>\n\n\n\n<p>Por su parte, Mireya Vera, presidenta de la Agrupaci\u00f3n del Centro de Jubilados del Sector Salud, se manifest\u00f3 feliz de recibir esta ayuda. \u201cNosotros somos una directiva relativamente nueva (\u2026) y hemos trabajado harto para mantener nuestra agrupaci\u00f3n, porque econ\u00f3micamente nos cuesta mucho. <\/p>\n\n\n\n<p>No tenemos una sede propia y arrendamos en la iglesia San Miguel. Entonces, para nosotros, recibir una ayuda, es s\u00faper beneficiosa porque las socias a veces no pueden aportar un tarro de caf\u00e9 o un kilo de az\u00facar\u201d, precis\u00f3.<\/p>\n\n\n\n<figure class=\"wp-block-image\"><img loading=\"lazy\" decoding=\"async\" width=\"1024\" height=\"768\" src=\"https:\/\/www.radiopresidenteibanez.cl\/web\/wp-content\/uploads\/2019\/07\/FOTO-SEGUNDA-ENTREGA-1024x768.jpg\" alt=\"\" class=\"wp-image-5497\" srcset=\"https:\/\/www.radiopresidenteibanez.cl\/web\/wp-content\/uploads\/2019\/07\/FOTO-SEGUNDA-ENTREGA-1024x768.jpg 1024w, https:\/\/www.radiopresidenteibanez.cl\/web\/wp-content\/uploads\/2019\/07\/FOTO-SEGUNDA-ENTREGA-300x225.jpg 300w, https:\/\/www.radiopresidenteibanez.cl\/web\/wp-content\/uploads\/2019\/07\/FOTO-SEGUNDA-ENTREGA-768x576.jpg 768w, https:\/\/www.radiopresidenteibanez.cl\/web\/wp-content\/uploads\/2019\/07\/FOTO-SEGUNDA-ENTREGA.jpg 1280w\" sizes=\"auto, (max-width: 1024px) 100vw, 1024px\" \/><\/figure>\n","protected":false},"excerpt":{"rendered":"<p>Como una forma de apoyar a los adultos mayores en la llegada del invierno, el Municipio de Punta Arenas, a trav\u00e9s de la Direcci\u00f3n de Desarrollo Comunitario, hizo entrega de&#8230; <a class=\"read-more\" href=\"https:\/\/www.radiopresidenteibanez.cl\/web\/municipio-entrego-insumos-a-mas-de-cien-agrupaciones-de-adultos-mayores\/\">Leer m\u00e1s<\/a><\/p>\n","protected":false},"author":2,"featured_media":5497,"comment_status":"closed","ping_status":"closed","sticky":false,"template":"","format":"standard","meta":{"footnotes":""},"categories":[1],"tags":[],"class_list":["post-5496","post","type-post","status-publish","format-standard","has-post-thumbnail","hentry","category-cronica"],"_links":{"self":[{"href":"https:\/\/www.radiopresidenteibanez.cl\/web\/wp-json\/wp\/v2\/posts\/5496","targetHints":{"allow":["GET"]}}],"collection":[{"href":"https:\/\/www.radiopresidenteibanez.cl\/web\/wp-json\/wp\/v2\/posts"}],"about":[{"href":"https:\/\/www.radiopresidenteibanez.cl\/web\/wp-json\/wp\/v2\/types\/post"}],"author":[{"embeddable":true,"href":"https:\/\/www.radiopresidenteibanez.cl\/web\/wp-json\/wp\/v2\/users\/2"}],"replies":[{"embeddable":true,"href":"https:\/\/www.radiopresidenteibanez.cl\/web\/wp-json\/wp\/v2\/comments?post=5496"}],"version-history":[{"count":0,"href":"https:\/\/www.radiopresidenteibanez.cl\/web\/wp-json\/wp\/v2\/posts\/5496\/revisions"}],"wp:featuredmedia":[{"embeddable":true,"href":"https:\/\/www.radiopresidenteibanez.cl\/web\/wp-json\/wp\/v2\/media\/5497"}],"wp:attachment":[{"href":"https:\/\/www.radiopresidenteibanez.cl\/web\/wp-json\/wp\/v2\/media?parent=5496"}],"wp:term":[{"taxonomy":"category","embeddable":true,"href":"https:\/\/www.radiopresidenteibanez.cl\/web\/wp-json\/wp\/v2\/categories?post=5496"},{"taxonomy":"post_tag","embeddable":true,"href":"https:\/\/www.radiopresidenteibanez.cl\/web\/wp-json\/wp\/v2\/tags?post=5496"}],"curies":[{"name":"wp","href":"https:\/\/api.w.org\/{rel}","templated":true}]}}