{"id":54958,"date":"2025-03-13T13:13:00","date_gmt":"2025-03-13T16:13:00","guid":{"rendered":"https:\/\/www.radiopresidenteibanez.cl\/web\/?p=54958"},"modified":"2025-03-13T09:29:28","modified_gmt":"2025-03-13T12:29:28","slug":"reunion-intersectorial-aborda-medidas-preventivas-de-seguridad-publica-para-empresas-constructoras-de-puerto-williams","status":"publish","type":"post","link":"https:\/\/www.radiopresidenteibanez.cl\/web\/reunion-intersectorial-aborda-medidas-preventivas-de-seguridad-publica-para-empresas-constructoras-de-puerto-williams\/","title":{"rendered":"Reuni\u00f3n intersectorial aborda medidas preventivas de seguridad p\u00fablica para empresas constructoras de Puerto Williams"},"content":{"rendered":"\n<p>Pese a los bajos \u00edndices de hechos delictuales en Puerto Williams, la IV Comisar\u00eda de Carabineros evidenci\u00f3 un importante porcentaje de la poblaci\u00f3n flotante en casos de delitos de lesiones. En este sentido, la Delegaci\u00f3n Presidencial Provincial de la Ant\u00e1rtica Chilena realiz\u00f3 un encuentro con representantes de las empresas constructoras emplazadas en la capital provincial, con el prop\u00f3sito de reforzar la prevenci\u00f3n en seguridad p\u00fablica y promover el bienestar de sus trabajadoras y trabajadores.<\/p>\n\n\n\n<p>Esta actividad, desarrollada a partir de compromisos adquiridos en sesiones de Mesas Policiales Provinciales, fue encabezada por la delegada presidencial de la mencionada zona, Constanza Calisto Gallardo, en la que tambi\u00e9n particip\u00f3 personal de la IV Comisar\u00eda de Carabineros de Puerto Williams y, v\u00eda telem\u00e1tica, la coordinadora regional de Seguridad P\u00fablica, Carla Barrientos.<\/p>\n\n\n\n<p>\u201cEs relevante para nosotros generar estas instancias, comprendiendo la alta poblaci\u00f3n flotante de trabajadoras y trabajadores de obras, que asciende a m\u00e1s de 200 en la actualidad. En este encuentro las empresas pudieron conocer las estad\u00edsticas delictuales de la zona y, tambi\u00e9n, desde el \u00e1mbito p\u00fablico, profundizamos en la realidad de estos organismos privados. Este encuentro de comunicaci\u00f3n rec\u00edproca nos permite no s\u00f3lo afianzar la seguridad de todas y todos, sino que tambi\u00e9n generar actividades de esparcimiento sano, como el deporte y cultura, y as\u00ed evitar incivilidades que afecten a la poblaci\u00f3n\u201d, sostuvo la m\u00e1xima autoridad provincial, quien tambi\u00e9n dio a conocer los principales avances en los tres a\u00f1os de Gobierno del Presidente Gabriel Boric, como la Ley Karin, Ley 40 Horas, Reforma de Pensiones, incremento del salario m\u00ednimo y creaci\u00f3n del Ministerio de Seguridad P\u00fablica.<\/p>\n\n\n\n<p>En tanto, Barrientos manifest\u00f3 que \u201ccon la finalidad de trabajar medidas preventivas en torno a la seguridad de la poblaci\u00f3n, creemos que el trabajo p\u00fablico-privado es fundamental para lograr que la comuna de Cabo de Hornos siga manteniendo los bajos \u00edndices de delitos que mantiene hasta el d\u00eda de hoy. Valoramos la disposici\u00f3n de las empresas y seguiremos trabajando juntos, buscando siempre aumentar la sensaci\u00f3n de seguridad de los vecinos y vecinas de la comuna de Cabo de Hornos\u201d.<\/p>\n\n\n\n<p><strong>Estad\u00edsticas de Carabineros<\/strong><\/p>\n\n\n\n<p>De acuerdo a la IV Comisar\u00eda de Carabineros de Puerto Williams, los delitos de mayor connotaci\u00f3n social se mantienen bajos en comparaci\u00f3n a otras zonas del pa\u00eds. La principal problem\u00e1tica delictual en la capital provincial est\u00e1 asociada al delito de lesiones. En 2024, hubo 10 casos de esta \u00edndole, ocho menos que en 2023, significando una disminuci\u00f3n de un 44,5 por ciento. Sin embargo, el comisario (s) de dicha unidad policial, capit\u00e1n Manuel Roa, manifest\u00f3 que en estos hechos \u201chemos visto que un porcentaje importante de la poblaci\u00f3n flotante se ve involucrada\u201d.<\/p>\n\n\n\n<p>Asimismo, en 2024 se constat\u00f3 el consumo de alcohol y estado de ebriedad en la v\u00eda p\u00fablica, con 25 y 29 casos, respectivamente. Gran parte de ellos se registraron durante los meses con condiciones meteorol\u00f3gicas favorables y fechas festivas como Fiestas Patrias.<\/p>\n\n\n\n<p>En este sentido, el capit\u00e1n Roa valor\u00f3 el encuentro. \u201cLo que se ha articulado por parte de la Delegaci\u00f3n Presidencial, es reunir el sistema p\u00fablico con el privado y lograr un punto en com\u00fan que es mejorar la situaci\u00f3n de seguridad en Cabo de Hornos. Destacamos la participaci\u00f3n y la voluntad que tienen las empresas en realizar cursos de acci\u00f3n a fin de mitigar esta clase de delitos, como el delito de lesiones. La idea es que este a\u00f1o finalicemos en cifras iguales o mejores\u201d, dijo.<\/p>\n\n\n\n<p><strong>Empresa constructora<\/strong><\/p>\n\n\n\n<p>Las empresas constructoras que participaron en esta instancia fueron R y Q, Carpo &amp; Lagos y Salfa. Esta \u00faltima, se encuentra a cargo de las obras del Hotel Lakutaia a trav\u00e9s de su filial Texas, donde actualmente trabajan m\u00e1s de 90 personas y se espera que llegue a un peak de 170 en los meses venideros. Su jefe de terreno, Sebasti\u00e1n Fern\u00e1ndez, revel\u00f3 que algunos de los casos de delitos de lesiones ocurridos el a\u00f1o pasado fueron protagonizados por parte de su personal.<\/p>\n\n\n\n<p>\u201cLamentablemente, parte de la constructora se vio involucrada en algunos hechos delictuales, donde nosotros adquirimos el compromiso de identificar a las personas con los respaldos correspondientes y les hemos dado una carta de finiquito, los desvinculamos, y se solicita la expulsi\u00f3n inmediata de la isla por parte de la constructora\u201d, explic\u00f3 Fern\u00e1ndez, quien adem\u00e1s detall\u00f3 que todas las semanas y en fechas claves de pago, quincena, fines de mes y algunas festividades especiales, se realizan alcohotest y narcotest a sus trabajadores.<\/p>\n\n\n\n<p>Respecto a la reuni\u00f3n organizada por la Delegaci\u00f3n, el profesional recalc\u00f3 que \u201ces sumamente importante generar instancias para que nuestros trabajadores se puedan distraer de manera sana, no vi\u00e9ndose involucrados en episodios de violencia, de consumo de sustancias il\u00edcitas, as\u00ed que se agradece este espacio para poder comunicarnos, para poder generar ideas, y concretar algo para desarrollar buenos espacios de esparcimiento\u201d.<\/p>\n","protected":false},"excerpt":{"rendered":"<p>Pese a los bajos \u00edndices de hechos delictuales en Puerto Williams, la IV Comisar\u00eda de Carabineros evidenci\u00f3 un importante porcentaje de la poblaci\u00f3n flotante en casos de delitos de lesiones&#8230;. <a class=\"read-more\" href=\"https:\/\/www.radiopresidenteibanez.cl\/web\/reunion-intersectorial-aborda-medidas-preventivas-de-seguridad-publica-para-empresas-constructoras-de-puerto-williams\/\">Leer m\u00e1s<\/a><\/p>\n","protected":false},"author":2,"featured_media":54959,"comment_status":"closed","ping_status":"closed","sticky":false,"template":"","format":"standard","meta":{"footnotes":""},"categories":[1],"tags":[],"class_list":["post-54958","post","type-post","status-publish","format-standard","has-post-thumbnail","hentry","category-cronica"],"_links":{"self":[{"href":"https:\/\/www.radiopresidenteibanez.cl\/web\/wp-json\/wp\/v2\/posts\/54958","targetHints":{"allow":["GET"]}}],"collection":[{"href":"https:\/\/www.radiopresidenteibanez.cl\/web\/wp-json\/wp\/v2\/posts"}],"about":[{"href":"https:\/\/www.radiopresidenteibanez.cl\/web\/wp-json\/wp\/v2\/types\/post"}],"author":[{"embeddable":true,"href":"https:\/\/www.radiopresidenteibanez.cl\/web\/wp-json\/wp\/v2\/users\/2"}],"replies":[{"embeddable":true,"href":"https:\/\/www.radiopresidenteibanez.cl\/web\/wp-json\/wp\/v2\/comments?post=54958"}],"version-history":[{"count":0,"href":"https:\/\/www.radiopresidenteibanez.cl\/web\/wp-json\/wp\/v2\/posts\/54958\/revisions"}],"wp:featuredmedia":[{"embeddable":true,"href":"https:\/\/www.radiopresidenteibanez.cl\/web\/wp-json\/wp\/v2\/media\/54959"}],"wp:attachment":[{"href":"https:\/\/www.radiopresidenteibanez.cl\/web\/wp-json\/wp\/v2\/media?parent=54958"}],"wp:term":[{"taxonomy":"category","embeddable":true,"href":"https:\/\/www.radiopresidenteibanez.cl\/web\/wp-json\/wp\/v2\/categories?post=54958"},{"taxonomy":"post_tag","embeddable":true,"href":"https:\/\/www.radiopresidenteibanez.cl\/web\/wp-json\/wp\/v2\/tags?post=54958"}],"curies":[{"name":"wp","href":"https:\/\/api.w.org\/{rel}","templated":true}]}}