{"id":54949,"date":"2025-03-13T09:27:00","date_gmt":"2025-03-13T12:27:00","guid":{"rendered":"https:\/\/www.radiopresidenteibanez.cl\/web\/?p=54949"},"modified":"2025-03-13T09:12:49","modified_gmt":"2025-03-13T12:12:49","slug":"nosotros-hemos-luchado-por-esto-desde-hace-25-anos-senalo-pedro-pablo-ramos-presidente-sindicato-asistentes-de-educacion","status":"publish","type":"post","link":"https:\/\/www.radiopresidenteibanez.cl\/web\/nosotros-hemos-luchado-por-esto-desde-hace-25-anos-senalo-pedro-pablo-ramos-presidente-sindicato-asistentes-de-educacion\/","title":{"rendered":"\u00abNOSOTROS HEMOS LUCHADO POR ESTO DESDE HACE 25 A\u00d1OS\u00bb SE\u00d1ALO PEDRO PABLO RAMOS PRESIDENTE SINDICATO ASISTENTES DE EDUCACION"},"content":{"rendered":"\n<p>En el programa Actualidad Noticiosa de nuestra emisora el presidente de uno de los sindicatos de asistentes de la educaci\u00f3n Pedro Pablo Ramos, indico que para lograr los beneficios que actualmente tienen como gremio han tenido que dar una lucha de 25 a\u00f1os a nivel nacional <\/p>\n\n\n\n<p>Hemos estado semanas en el norte del pa\u00eds en reuniones nacionales para coordinar negociaciones con el ministerio de educaci\u00f3n sin importar quien sea el ministro o ministra, adem\u00e1s de tener la unidad de todo nuestro gremio desde Arica a Magallanes, agrego Ramos.<\/p>\n\n\n\n<p>En materia de declaraciones que han emitido algunos dirigentes de los sindicatos de profesionales de la educaci\u00f3n Pedro Pablo Ramos, se\u00f1alo que son una falta de respeto hacia nuestros asistentes considerando que la educaci\u00f3n la hacemos todos, estudiantes, profesores y asistentes de la educaci\u00f3n<\/p>\n","protected":false},"excerpt":{"rendered":"<p>En el programa Actualidad Noticiosa de nuestra emisora el presidente de uno de los sindicatos de asistentes de la educaci\u00f3n Pedro Pablo Ramos, indico que para lograr los beneficios que&#8230; <a class=\"read-more\" href=\"https:\/\/www.radiopresidenteibanez.cl\/web\/nosotros-hemos-luchado-por-esto-desde-hace-25-anos-senalo-pedro-pablo-ramos-presidente-sindicato-asistentes-de-educacion\/\">Leer m\u00e1s<\/a><\/p>\n","protected":false},"author":2,"featured_media":54950,"comment_status":"closed","ping_status":"closed","sticky":false,"template":"","format":"standard","meta":{"footnotes":""},"categories":[1],"tags":[],"class_list":["post-54949","post","type-post","status-publish","format-standard","has-post-thumbnail","hentry","category-cronica"],"_links":{"self":[{"href":"https:\/\/www.radiopresidenteibanez.cl\/web\/wp-json\/wp\/v2\/posts\/54949","targetHints":{"allow":["GET"]}}],"collection":[{"href":"https:\/\/www.radiopresidenteibanez.cl\/web\/wp-json\/wp\/v2\/posts"}],"about":[{"href":"https:\/\/www.radiopresidenteibanez.cl\/web\/wp-json\/wp\/v2\/types\/post"}],"author":[{"embeddable":true,"href":"https:\/\/www.radiopresidenteibanez.cl\/web\/wp-json\/wp\/v2\/users\/2"}],"replies":[{"embeddable":true,"href":"https:\/\/www.radiopresidenteibanez.cl\/web\/wp-json\/wp\/v2\/comments?post=54949"}],"version-history":[{"count":0,"href":"https:\/\/www.radiopresidenteibanez.cl\/web\/wp-json\/wp\/v2\/posts\/54949\/revisions"}],"wp:featuredmedia":[{"embeddable":true,"href":"https:\/\/www.radiopresidenteibanez.cl\/web\/wp-json\/wp\/v2\/media\/54950"}],"wp:attachment":[{"href":"https:\/\/www.radiopresidenteibanez.cl\/web\/wp-json\/wp\/v2\/media?parent=54949"}],"wp:term":[{"taxonomy":"category","embeddable":true,"href":"https:\/\/www.radiopresidenteibanez.cl\/web\/wp-json\/wp\/v2\/categories?post=54949"},{"taxonomy":"post_tag","embeddable":true,"href":"https:\/\/www.radiopresidenteibanez.cl\/web\/wp-json\/wp\/v2\/tags?post=54949"}],"curies":[{"name":"wp","href":"https:\/\/api.w.org\/{rel}","templated":true}]}}