{"id":54933,"date":"2025-03-12T16:46:00","date_gmt":"2025-03-12T19:46:00","guid":{"rendered":"https:\/\/www.radiopresidenteibanez.cl\/web\/?p=54933"},"modified":"2025-03-12T15:59:15","modified_gmt":"2025-03-12T18:59:15","slug":"edelmag-lanza-campana-para-informar-a-la-comunidad-sobre-el-impacto-del-hurto-de-energia","status":"publish","type":"post","link":"https:\/\/www.radiopresidenteibanez.cl\/web\/edelmag-lanza-campana-para-informar-a-la-comunidad-sobre-el-impacto-del-hurto-de-energia\/","title":{"rendered":"EDELMAG lanza campa\u00f1a para informar a la comunidad sobre el impacto del hurto de energ\u00eda"},"content":{"rendered":"\n<p>Con el objetivo de dar a conocer a los magall\u00e1nicos qu\u00e9 es el hurto de energ\u00eda, el impacto que tiene, c\u00f3mo afecta a las personas y los riesgos que conlleva, es que EDELMAG lanz\u00f3 una campa\u00f1a informativa respecto a esta materia y as\u00ed minimizar el hurto energ\u00e9tico y saber qu\u00e9 hacer en caso de ser v\u00edctima de este delito.<\/p>\n\n\n\n<p><em>\u201cEstamos muy preocupados por los hechos de hurto que hoy son una realidad en la regi\u00f3n. Es por esto que queremos informar a la poblaci\u00f3n sobre los riesgos y consecuencias que conlleva. Adem\u00e1s, esto puede causar interrupciones en el suministro afectando el d\u00eda a d\u00eda de las personas\u201d<\/em> coment\u00f3 Diego D\u00edaz, subgerente comercial y de servicio al cliente de EDELMAG.<\/p>\n\n\n\n<p>Actualmente, en Magallanes los hurtos que existen corresponden a hurto de energ\u00eda mediante conexiones ilegales e irregulares hacia la red de distribuci\u00f3n, alteraci\u00f3n de los medidores, como as\u00ed tambi\u00e9n, intervenci\u00f3n del empalme para evitar el registro de los medidores.<\/p>\n\n\n\n<p>En este \u00e1mbito, en el \u00faltimo trimestre del 2024, se detectaron 122 casos de hurto de energ\u00eda, asimismo, en lo que va del 2025, se han detectado 45 casos.<\/p>\n\n\n\n<p>En relaci\u00f3n con los riesgos que implica intervenir redes el\u00e9ctricas energizadas est\u00e1 el peligro de exponerse a descargas el\u00e9ctricas o electrocuci\u00f3n, quemaduras, ca\u00eddas o golpes, lesiones graves e, incluso, la muerte.<\/p>\n\n\n\n<p>En este contexto, Pablo Y\u00e1\u00f1ez, l\u00edder de equipo Control y Gesti\u00f3n de P\u00e9rdidas, declar\u00f3 que <em>\u201clos vecinos que se encuentren en sectores donde exista hurto energ\u00e9tico pueden sufrir constantes interrupciones de suministro por sobrecargas en las instalaciones, lo que puede provocar la quema de sus artefactos el\u00e9ctricos\u201d<\/em><\/p>\n\n\n\n<p>Adem\u00e1s, en materia de seguridad, se pueden provocar incendios, cortocircuitos y accidentes de electrocuci\u00f3n, provocando riesgos de muertes en las personas.<\/p>\n\n\n\n<p>Por \u00faltimo, en materia legal, se debe se\u00f1alar que el hurto de energ\u00eda es un delito penado por la ley, el cual tiene penas como grandes multas y privaci\u00f3n de la libertad. &nbsp;En esta l\u00ednea, EDELMAG est\u00e1 evaluando las acciones legales en cada caso.<\/p>\n\n\n\n<p>Para finalizar, desde EDELMAG se insta a la comunidad a realizar la denuncia al correo atenciondeclientes@edelmag.cl en caso de ser testigo o v\u00edctima de estos hechos <em>\u201chacemos un llamado a todos los magall\u00e1nicos a denunciar estos delitos a trav\u00e9s de nuestros portales y as\u00ed combatir esta realidad que hoy nos est\u00e1 afectando\u201d<\/em> cerr\u00f3 Diaz.<\/p>\n","protected":false},"excerpt":{"rendered":"<p>Con el objetivo de dar a conocer a los magall\u00e1nicos qu\u00e9 es el hurto de energ\u00eda, el impacto que tiene, c\u00f3mo afecta a las personas y los riesgos que conlleva,&#8230; <a class=\"read-more\" href=\"https:\/\/www.radiopresidenteibanez.cl\/web\/edelmag-lanza-campana-para-informar-a-la-comunidad-sobre-el-impacto-del-hurto-de-energia\/\">Leer m\u00e1s<\/a><\/p>\n","protected":false},"author":2,"featured_media":54934,"comment_status":"closed","ping_status":"closed","sticky":false,"template":"","format":"standard","meta":{"footnotes":""},"categories":[1],"tags":[],"class_list":["post-54933","post","type-post","status-publish","format-standard","has-post-thumbnail","hentry","category-cronica"],"_links":{"self":[{"href":"https:\/\/www.radiopresidenteibanez.cl\/web\/wp-json\/wp\/v2\/posts\/54933","targetHints":{"allow":["GET"]}}],"collection":[{"href":"https:\/\/www.radiopresidenteibanez.cl\/web\/wp-json\/wp\/v2\/posts"}],"about":[{"href":"https:\/\/www.radiopresidenteibanez.cl\/web\/wp-json\/wp\/v2\/types\/post"}],"author":[{"embeddable":true,"href":"https:\/\/www.radiopresidenteibanez.cl\/web\/wp-json\/wp\/v2\/users\/2"}],"replies":[{"embeddable":true,"href":"https:\/\/www.radiopresidenteibanez.cl\/web\/wp-json\/wp\/v2\/comments?post=54933"}],"version-history":[{"count":0,"href":"https:\/\/www.radiopresidenteibanez.cl\/web\/wp-json\/wp\/v2\/posts\/54933\/revisions"}],"wp:featuredmedia":[{"embeddable":true,"href":"https:\/\/www.radiopresidenteibanez.cl\/web\/wp-json\/wp\/v2\/media\/54934"}],"wp:attachment":[{"href":"https:\/\/www.radiopresidenteibanez.cl\/web\/wp-json\/wp\/v2\/media?parent=54933"}],"wp:term":[{"taxonomy":"category","embeddable":true,"href":"https:\/\/www.radiopresidenteibanez.cl\/web\/wp-json\/wp\/v2\/categories?post=54933"},{"taxonomy":"post_tag","embeddable":true,"href":"https:\/\/www.radiopresidenteibanez.cl\/web\/wp-json\/wp\/v2\/tags?post=54933"}],"curies":[{"name":"wp","href":"https:\/\/api.w.org\/{rel}","templated":true}]}}