{"id":5493,"date":"2019-07-02T15:26:30","date_gmt":"2019-07-02T15:26:30","guid":{"rendered":"http:\/\/www.radiopresidenteibanez.cl\/web\/?p=5493"},"modified":"2019-07-02T15:26:52","modified_gmt":"2019-07-02T15:26:52","slug":"lamentamos-la-decision-del-colegio-de-profesores-tienen-todo-el-derecho-a-expresar-sus-demandas-pero-sin-destruir-la-educacion-publica-ni-el-futuro-de-los-ninos-mas-vulnerables-que-estudia","status":"publish","type":"post","link":"https:\/\/www.radiopresidenteibanez.cl\/web\/lamentamos-la-decision-del-colegio-de-profesores-tienen-todo-el-derecho-a-expresar-sus-demandas-pero-sin-destruir-la-educacion-publica-ni-el-futuro-de-los-ninos-mas-vulnerables-que-estudia\/","title":{"rendered":"\u201cLAMENTAMOS LA DECISI\u00d3N DEL COLEGIO DE PROFESORES. TIENEN TODO EL DERECHO A EXPRESAR SUS DEMANDAS, PERO SIN DESTRUIR LA EDUCACI\u00d3N P\u00daBLICA NI EL FUTURO DE LOS NI\u00d1OS M\u00c1S VULNERABLES, QUE ESTUDIAN EN ESE 16% DE COLEGIOS DE CHILE, A QUI\u00c9NES HAN PRIVADO DE EDUCACI\u00d3N POR M\u00c1S DE CUATRO SEMANAS\u201d, SE\u00d1AL\u00d3 LA MINISTRA DE EDUCACI\u00d3N MARCELA CUBILLOS"},"content":{"rendered":"\n<p>Respecto de las declaraciones del Pdte del Colegio de Profesores que \u201csus declaraciones est\u00e1n llenas de pol\u00edtica, pero vac\u00edas de preocupaci\u00f3n por los ni\u00f1os a quienes tienen el deber de educar. No hay en las declaraciones del Colegio de Profesores ni una sola frase de preocupaci\u00f3n respecto de los ni\u00f1os a quienes han condenado a estar sin clases durante todo este tiempo. Es a ellos, y s\u00f3lo a ellos, a quienes les est\u00e1n causando el da\u00f1o m\u00e1s grande, aumentando con sus acciones la desigualdad frente a los ni\u00f1os de la educaci\u00f3n particular que no pierden ni un solo d\u00eda de clases\u201d<\/p>\n\n\n\n<p>Como ejemplo del da\u00f1o que se ha producido con la extensi\u00f3n de este paro, la Ministra se refiri\u00f3 al Plan Escuelas Arriba: \u201cAsumimos como Gobierno el trabajo por sacar adelante a los ni\u00f1os de las escuelas que est\u00e1n en riesgo de cierre por sus malos resultados, pero este paro ha interrumpido todo el trabajo de nivelaci\u00f3n que se ha venido haciendo con ellos\u201d.<\/p>\n\n\n\n<p>Respecto de la posibilidad de adelantar las vacaciones, la Ministra de Educaci\u00f3n se\u00f1al\u00f3 que no se adelantar\u00e1n. Al mismo tiempo recalc\u00f3 que este viernes, conforme al calendario escolar, siete regiones inician su per\u00edodo de vacaciones escolares: Arica, Tarapac\u00e1, Antofagasta, O\u2019Higgins, Maule, Ays\u00e9n, Magallanes. El resto lo har\u00e1 el pr\u00f3ximo viernes 12.<\/p>\n\n\n\n<p>Consultada sobre la posibilidad de volver a reunirse con el gremio, la Ministra Marcela Cubillos agreg\u00f3:\u00a0\u201cTenemos una mesa abierta y disposici\u00f3n al di\u00e1logo permanente, pero con el 100% de los ni\u00f1os en clases. Pero tambi\u00e9n es importante tener claridad con qui\u00e9n debe conversar el Gobierno, qui\u00e9n tiene el liderazgo en el gremio para resolver esta situaci\u00f3n. Es segunda vez que llegamos a acuerdo con Mario Aguilar, pero al final el paro sigue. Las disputas internas del gremio mantienen a 590 mil ni\u00f1os sin clases y a los profesores de Chile, sin poder avanzar en ninguno de los acuerdos alcanzados con el Ministerio\u201d.<\/p>\n\n\n\n<figure class=\"wp-block-image\"><img loading=\"lazy\" decoding=\"async\" width=\"770\" height=\"380\" src=\"https:\/\/www.radiopresidenteibanez.cl\/web\/wp-content\/uploads\/2019\/07\/Marcela-Cubillos-3.jpg\" alt=\"\" class=\"wp-image-5494\" srcset=\"https:\/\/www.radiopresidenteibanez.cl\/web\/wp-content\/uploads\/2019\/07\/Marcela-Cubillos-3.jpg 770w, https:\/\/www.radiopresidenteibanez.cl\/web\/wp-content\/uploads\/2019\/07\/Marcela-Cubillos-3-300x148.jpg 300w, https:\/\/www.radiopresidenteibanez.cl\/web\/wp-content\/uploads\/2019\/07\/Marcela-Cubillos-3-768x379.jpg 768w\" sizes=\"auto, (max-width: 770px) 100vw, 770px\" \/><\/figure>\n","protected":false},"excerpt":{"rendered":"<p>Respecto de las declaraciones del Pdte del Colegio de Profesores que \u201csus declaraciones est\u00e1n llenas de pol\u00edtica, pero vac\u00edas de preocupaci\u00f3n por los ni\u00f1os a quienes tienen el deber de&#8230; <a class=\"read-more\" href=\"https:\/\/www.radiopresidenteibanez.cl\/web\/lamentamos-la-decision-del-colegio-de-profesores-tienen-todo-el-derecho-a-expresar-sus-demandas-pero-sin-destruir-la-educacion-publica-ni-el-futuro-de-los-ninos-mas-vulnerables-que-estudia\/\">Leer m\u00e1s<\/a><\/p>\n","protected":false},"author":2,"featured_media":5494,"comment_status":"closed","ping_status":"closed","sticky":false,"template":"","format":"standard","meta":{"footnotes":""},"categories":[1],"tags":[],"class_list":["post-5493","post","type-post","status-publish","format-standard","has-post-thumbnail","hentry","category-cronica"],"_links":{"self":[{"href":"https:\/\/www.radiopresidenteibanez.cl\/web\/wp-json\/wp\/v2\/posts\/5493","targetHints":{"allow":["GET"]}}],"collection":[{"href":"https:\/\/www.radiopresidenteibanez.cl\/web\/wp-json\/wp\/v2\/posts"}],"about":[{"href":"https:\/\/www.radiopresidenteibanez.cl\/web\/wp-json\/wp\/v2\/types\/post"}],"author":[{"embeddable":true,"href":"https:\/\/www.radiopresidenteibanez.cl\/web\/wp-json\/wp\/v2\/users\/2"}],"replies":[{"embeddable":true,"href":"https:\/\/www.radiopresidenteibanez.cl\/web\/wp-json\/wp\/v2\/comments?post=5493"}],"version-history":[{"count":0,"href":"https:\/\/www.radiopresidenteibanez.cl\/web\/wp-json\/wp\/v2\/posts\/5493\/revisions"}],"wp:featuredmedia":[{"embeddable":true,"href":"https:\/\/www.radiopresidenteibanez.cl\/web\/wp-json\/wp\/v2\/media\/5494"}],"wp:attachment":[{"href":"https:\/\/www.radiopresidenteibanez.cl\/web\/wp-json\/wp\/v2\/media?parent=5493"}],"wp:term":[{"taxonomy":"category","embeddable":true,"href":"https:\/\/www.radiopresidenteibanez.cl\/web\/wp-json\/wp\/v2\/categories?post=5493"},{"taxonomy":"post_tag","embeddable":true,"href":"https:\/\/www.radiopresidenteibanez.cl\/web\/wp-json\/wp\/v2\/tags?post=5493"}],"curies":[{"name":"wp","href":"https:\/\/api.w.org\/{rel}","templated":true}]}}