{"id":54927,"date":"2025-03-12T13:49:00","date_gmt":"2025-03-12T16:49:00","guid":{"rendered":"https:\/\/www.radiopresidenteibanez.cl\/web\/?p=54927"},"modified":"2025-03-12T11:42:36","modified_gmt":"2025-03-12T14:42:36","slug":"fach-aeroevacua-a-dos-funcionarios-delinach-desde-la-antartica-tras-accidente-laboral","status":"publish","type":"post","link":"https:\/\/www.radiopresidenteibanez.cl\/web\/fach-aeroevacua-a-dos-funcionarios-delinach-desde-la-antartica-tras-accidente-laboral\/","title":{"rendered":"FACH aeroevac\u00faa a dos funcionarios delINACH desde la Ant\u00e1rtica tras accidente laboral"},"content":{"rendered":"\n<p>El martes 11 de marzo, dos funcionarios del Instituto Ant\u00e1rtico Chileno (INACH)<br>fueron aeroevacuados desde la Ant\u00e1rtica tras sufrir lesiones provocadas por una<br>ca\u00edda desde un andamio.<br>El equipo sanitario de la Base A\u00e9rea Ant\u00e1rtica Presidente Eduardo Frei Montalva<br>acudi\u00f3 de inmediato al lugar del accidente para evaluar la situaci\u00f3n y brindar los<br>primeros auxilios. Posteriormente, los afectados fueron trasladados a una<br>instalaci\u00f3n sanitaria.<br>Uno de los trabajadores sufri\u00f3 una fractura de tobillo, mientras que el otro present\u00f3<br>lesiones en el hombro. Ante la gravedad de las heridas, mediante gesti\u00f3n de la IV\u00aa<br>Brigada A\u00e9rea, se activ\u00f3 el protocolo de aeroevacuaci\u00f3n, coordinando su traslado<br>a Punta Arenas en un C-130 H\u00e9rcules de la Fuerza A\u00e9rea de Chile.<br>La aeronave arrib\u00f3 a la capital magall\u00e1nica a las 19:40 horas, con ambos<br>afectados conscientes y estables. En la Base A\u00e9rea Chabunco, personal del<br>SAMU verific\u00f3 el estado de salud de los pacientes y los traslad\u00f3 a un recinto<br>asistencial para recibir atenci\u00f3n m\u00e9dica especializada.<\/p>\n","protected":false},"excerpt":{"rendered":"<p>El martes 11 de marzo, dos funcionarios del Instituto Ant\u00e1rtico Chileno (INACH)fueron aeroevacuados desde la Ant\u00e1rtica tras sufrir lesiones provocadas por unaca\u00edda desde un andamio.El equipo sanitario de la Base&#8230; <a class=\"read-more\" href=\"https:\/\/www.radiopresidenteibanez.cl\/web\/fach-aeroevacua-a-dos-funcionarios-delinach-desde-la-antartica-tras-accidente-laboral\/\">Leer m\u00e1s<\/a><\/p>\n","protected":false},"author":2,"featured_media":54928,"comment_status":"closed","ping_status":"closed","sticky":false,"template":"","format":"standard","meta":{"footnotes":""},"categories":[1],"tags":[],"class_list":["post-54927","post","type-post","status-publish","format-standard","has-post-thumbnail","hentry","category-cronica"],"_links":{"self":[{"href":"https:\/\/www.radiopresidenteibanez.cl\/web\/wp-json\/wp\/v2\/posts\/54927","targetHints":{"allow":["GET"]}}],"collection":[{"href":"https:\/\/www.radiopresidenteibanez.cl\/web\/wp-json\/wp\/v2\/posts"}],"about":[{"href":"https:\/\/www.radiopresidenteibanez.cl\/web\/wp-json\/wp\/v2\/types\/post"}],"author":[{"embeddable":true,"href":"https:\/\/www.radiopresidenteibanez.cl\/web\/wp-json\/wp\/v2\/users\/2"}],"replies":[{"embeddable":true,"href":"https:\/\/www.radiopresidenteibanez.cl\/web\/wp-json\/wp\/v2\/comments?post=54927"}],"version-history":[{"count":0,"href":"https:\/\/www.radiopresidenteibanez.cl\/web\/wp-json\/wp\/v2\/posts\/54927\/revisions"}],"wp:featuredmedia":[{"embeddable":true,"href":"https:\/\/www.radiopresidenteibanez.cl\/web\/wp-json\/wp\/v2\/media\/54928"}],"wp:attachment":[{"href":"https:\/\/www.radiopresidenteibanez.cl\/web\/wp-json\/wp\/v2\/media?parent=54927"}],"wp:term":[{"taxonomy":"category","embeddable":true,"href":"https:\/\/www.radiopresidenteibanez.cl\/web\/wp-json\/wp\/v2\/categories?post=54927"},{"taxonomy":"post_tag","embeddable":true,"href":"https:\/\/www.radiopresidenteibanez.cl\/web\/wp-json\/wp\/v2\/tags?post=54927"}],"curies":[{"name":"wp","href":"https:\/\/api.w.org\/{rel}","templated":true}]}}