{"id":54921,"date":"2025-03-12T11:20:08","date_gmt":"2025-03-12T14:20:08","guid":{"rendered":"https:\/\/www.radiopresidenteibanez.cl\/web\/?p=54921"},"modified":"2025-03-12T11:20:16","modified_gmt":"2025-03-12T14:20:16","slug":"me-matan-si-no-trabajo-y-si-trabajo-me-matan-siempre-me-matan-me-matan-ay-siempre-me-matan-canta-daniel-viglietti","status":"publish","type":"post","link":"https:\/\/www.radiopresidenteibanez.cl\/web\/me-matan-si-no-trabajo-y-si-trabajo-me-matan-siempre-me-matan-me-matan-ay-siempre-me-matan-canta-daniel-viglietti\/","title":{"rendered":"Me matan si no trabajo y si trabajo me matan siempre me matan me matan ay siempre me matan..\u00bb canta Daniel Viglietti"},"content":{"rendered":"\n<p>Regularmente he guardado silencio cuando me han aquejado dolores del cuerpo y del alma, y es que a fin de cuentas son cuestiones personales que no corresponde ventilar por las redes.<br>No obstante, cuando me diagnosticaron ese c\u00e1ncer se produjo una explosi\u00f3n en el espacio programado en el que uno se mueve.<br>Solo algunos se enteraron y de inmediato dijeron presente.<br>Son mis compas de mil batallas en la confe y fuera de ella. La familia directa y la adoptiva que siempre est\u00e1 a mi lado. Sindicatos afiliados y no afiliados, otras organizaciones sindicales, j\u00f3venes aqui y en Canad\u00e1 que apoyaron a\u00fan sin conocerme.<br>Muchas y muchos preocupados, dando \u00e1nimo, buscando y sugiriendo formas para apoyar.<\/p>\n\n\n\n<p>2.- Actividades diversas y pr\u00e9stamos, permitieron reunir el dinero para la quimioterapia y nos adentramos en un espacio desconocido, con la firme convicci\u00f3n de que a la enfermedad se le pone remedio, m\u00e1s a\u00fan cuando est\u00e1n los recursos.<br>Est\u00e1n programados los pagos de los pr\u00e9stamos y lleg\u00f3 el momento de agradecer a todos quienes hicieron un aporte, pues fue lo que permiti\u00f3 superar las carencias y hacer el tratamiento con la rapidez que requer\u00eda. Ahora se vienen controles y demases, vamos a seguir caminando y trabajando porque la mejor forma de agradecer el apoyo recibido, es mantener las banderas al tope y darle, darle, hasta que las velas no ardan.<br>Y cuando eso pase, sin duda algunos de los que estuvieron tomaran esas banderas para seguir avanzando.<\/p>\n","protected":false},"excerpt":{"rendered":"<p>Regularmente he guardado silencio cuando me han aquejado dolores del cuerpo y del alma, y es que a fin de cuentas son cuestiones personales que no corresponde ventilar por las&#8230; <a class=\"read-more\" href=\"https:\/\/www.radiopresidenteibanez.cl\/web\/me-matan-si-no-trabajo-y-si-trabajo-me-matan-siempre-me-matan-me-matan-ay-siempre-me-matan-canta-daniel-viglietti\/\">Leer m\u00e1s<\/a><\/p>\n","protected":false},"author":2,"featured_media":54922,"comment_status":"closed","ping_status":"closed","sticky":false,"template":"","format":"standard","meta":{"footnotes":""},"categories":[1],"tags":[],"class_list":["post-54921","post","type-post","status-publish","format-standard","has-post-thumbnail","hentry","category-cronica"],"_links":{"self":[{"href":"https:\/\/www.radiopresidenteibanez.cl\/web\/wp-json\/wp\/v2\/posts\/54921","targetHints":{"allow":["GET"]}}],"collection":[{"href":"https:\/\/www.radiopresidenteibanez.cl\/web\/wp-json\/wp\/v2\/posts"}],"about":[{"href":"https:\/\/www.radiopresidenteibanez.cl\/web\/wp-json\/wp\/v2\/types\/post"}],"author":[{"embeddable":true,"href":"https:\/\/www.radiopresidenteibanez.cl\/web\/wp-json\/wp\/v2\/users\/2"}],"replies":[{"embeddable":true,"href":"https:\/\/www.radiopresidenteibanez.cl\/web\/wp-json\/wp\/v2\/comments?post=54921"}],"version-history":[{"count":0,"href":"https:\/\/www.radiopresidenteibanez.cl\/web\/wp-json\/wp\/v2\/posts\/54921\/revisions"}],"wp:featuredmedia":[{"embeddable":true,"href":"https:\/\/www.radiopresidenteibanez.cl\/web\/wp-json\/wp\/v2\/media\/54922"}],"wp:attachment":[{"href":"https:\/\/www.radiopresidenteibanez.cl\/web\/wp-json\/wp\/v2\/media?parent=54921"}],"wp:term":[{"taxonomy":"category","embeddable":true,"href":"https:\/\/www.radiopresidenteibanez.cl\/web\/wp-json\/wp\/v2\/categories?post=54921"},{"taxonomy":"post_tag","embeddable":true,"href":"https:\/\/www.radiopresidenteibanez.cl\/web\/wp-json\/wp\/v2\/tags?post=54921"}],"curies":[{"name":"wp","href":"https:\/\/api.w.org\/{rel}","templated":true}]}}