{"id":54901,"date":"2025-03-11T17:57:00","date_gmt":"2025-03-11T20:57:00","guid":{"rendered":"https:\/\/www.radiopresidenteibanez.cl\/web\/?p=54901"},"modified":"2025-03-11T15:36:42","modified_gmt":"2025-03-11T18:36:42","slug":"mercado-campesino-conmemora-el-dia-internacional-de-la-mujer-con-productos-frescos-y-artesania-regional","status":"publish","type":"post","link":"https:\/\/www.radiopresidenteibanez.cl\/web\/mercado-campesino-conmemora-el-dia-internacional-de-la-mujer-con-productos-frescos-y-artesania-regional\/","title":{"rendered":"Mercado Campesino conmemora el D\u00eda Internacional de la Mujer con productos frescos y artesan\u00eda regional"},"content":{"rendered":"\n<p>En bodega de INDAP<br><strong>Mercado Campesino conmemora el D\u00eda Internacional de la Mujer con productos frescos y artesan\u00eda regional<\/strong><\/p>\n\n\n\n<ul class=\"wp-block-list\">\n<li><strong>La feria busca reafirmar el v\u00ednculo entre productores y consumidores, ofreciendo productos frescos, artesan\u00eda regional y, en esta edici\u00f3n, un m\u00f3dulo de salud con orientaci\u00f3n para la comunidad.<\/strong><\/li>\n<\/ul>\n\n\n\n<p>En el marco del D\u00eda Internacional de la Mujer, el s\u00e1bado 8 de marzo se llevo a cabo una nueva versi\u00f3n del Mercado Campesino, un espacio de comercializaci\u00f3n directa que reunio a m\u00e1s de 15 mujeres agricultoras y organizaciones campesinas de la regi\u00f3n. La feria se realizo entre las 10:00 y 14:30 horas en la bodega de INDAP, ubicada en Costanera, entre Jos\u00e9 Men\u00e9ndez y Av. Col\u00f3n.<\/p>\n\n\n\n<p>Se trato de la segunda feria que se desarrolla en este punto de la ciudad, consolidando un espacio de encuentro entre productores y consumidores. En la ocasi\u00f3n, se podr\u00e1n encontrar productos reci\u00e9n cosechados, como choclos regionales, lechugas, tomates, papas, plantas ornamentales y medicinales, frutillas, cilantro y m\u00e1s, junto con una variada oferta de artesan\u00eda regional.<\/p>\n\n\n\n<p>Adem\u00e1s, en esta edici\u00f3n se sumo un m\u00f3dulo de promoci\u00f3n de salud, a cargo de la Atenci\u00f3n Primaria de Salud de la Corporaci\u00f3n Municipal, donde se entrego informaci\u00f3n y orientaci\u00f3n a la comunidad.<\/p>\n\n\n\n<p>Para las productoras, esta instancia les permitio la venta de sus cosechas, sino que tambi\u00e9n es un reconocimiento al rol fundamental de la mujer en la agricultura y la alimentaci\u00f3n local. \u00abEstamos felices de poder ofrecer nuestros productos directamente a la comunidad en una fecha tan importante como esta. Invitamos a todas y todos a que nos visiten, prueben lo que cultivamos con tanto esfuerzo y se lleven a casa lo mejor del campo magall\u00e1nico\u00bb, se\u00f1al\u00f3 Estrella P\u00e9rez, agricultora de la comuna de Punta Arenas.<\/p>\n\n\n\n<p>La seremi de Agricultura, Irene Ram\u00edrez, destac\u00f3 la importancia del evento y el liderazgo de las productoras: \u00abMa\u00f1ana van a poder ver a nuestras productoras. M\u00e1s del 56% son mujeres y muchas de ellas son presidentas de distintas agrupaciones, donde lideran las organizaciones campesinas\u00bb.<\/p>\n\n\n\n<p>Por su parte, Felipe Jeria, director regional de FOSIS, subray\u00f3 el impacto econ\u00f3mico del trabajo de las agricultoras: \u00abLas mujeres aportan a la econom\u00eda local. En enero tuvimos la primera experiencia y m\u00e1s de mil personas vinieron. Es una oportunidad de venir en familia para conocer las bondades de nuestra tierra\u00bb.<\/p>\n\n\n\n<p>Aurora Reyes, una de las agricultoras participantes, hizo un llamado a la comunidad a sumarse a la feria: \u00abMe siento orgullosa de ser mujer y de llevar salud, porque nosotros producimos salud. Va a haber todo tipo de productos. Toda la familia est\u00e1 invitada\u00bb.<\/p>\n\n\n\n<p>Gabriel Zegers, director regional de INDAP, enfatiz\u00f3 el compromiso de la instituci\u00f3n con las agricultoras: \u00abLas mujeres rurales desempe\u00f1an un papel clave en la producci\u00f3n de alimentos y la preservaci\u00f3n de nuestras tradiciones. Generar espacios como este Mercado Campesino es fundamental para fortalecer su trabajo y acercar a la comunidad productos frescos, saludables y de calidad\u00bb.<\/p>\n\n\n\n<p>El Mercado Campesino se ha convertido en una instancia esperada por los vecinos y vecinas, y esta versi\u00f3n especial por el D\u00eda de la Mujer promete ser una excelente oportunidad para apoyar la agricultura familiar y celebrar el trabajo de las mujeres del campo.<\/p>\n","protected":false},"excerpt":{"rendered":"<p>En bodega de INDAPMercado Campesino conmemora el D\u00eda Internacional de la Mujer con productos frescos y artesan\u00eda regional En el marco del D\u00eda Internacional de la Mujer, el s\u00e1bado 8&#8230; <a class=\"read-more\" href=\"https:\/\/www.radiopresidenteibanez.cl\/web\/mercado-campesino-conmemora-el-dia-internacional-de-la-mujer-con-productos-frescos-y-artesania-regional\/\">Leer m\u00e1s<\/a><\/p>\n","protected":false},"author":2,"featured_media":54902,"comment_status":"closed","ping_status":"closed","sticky":false,"template":"","format":"standard","meta":{"footnotes":""},"categories":[1],"tags":[],"class_list":["post-54901","post","type-post","status-publish","format-standard","has-post-thumbnail","hentry","category-cronica"],"_links":{"self":[{"href":"https:\/\/www.radiopresidenteibanez.cl\/web\/wp-json\/wp\/v2\/posts\/54901","targetHints":{"allow":["GET"]}}],"collection":[{"href":"https:\/\/www.radiopresidenteibanez.cl\/web\/wp-json\/wp\/v2\/posts"}],"about":[{"href":"https:\/\/www.radiopresidenteibanez.cl\/web\/wp-json\/wp\/v2\/types\/post"}],"author":[{"embeddable":true,"href":"https:\/\/www.radiopresidenteibanez.cl\/web\/wp-json\/wp\/v2\/users\/2"}],"replies":[{"embeddable":true,"href":"https:\/\/www.radiopresidenteibanez.cl\/web\/wp-json\/wp\/v2\/comments?post=54901"}],"version-history":[{"count":0,"href":"https:\/\/www.radiopresidenteibanez.cl\/web\/wp-json\/wp\/v2\/posts\/54901\/revisions"}],"wp:featuredmedia":[{"embeddable":true,"href":"https:\/\/www.radiopresidenteibanez.cl\/web\/wp-json\/wp\/v2\/media\/54902"}],"wp:attachment":[{"href":"https:\/\/www.radiopresidenteibanez.cl\/web\/wp-json\/wp\/v2\/media?parent=54901"}],"wp:term":[{"taxonomy":"category","embeddable":true,"href":"https:\/\/www.radiopresidenteibanez.cl\/web\/wp-json\/wp\/v2\/categories?post=54901"},{"taxonomy":"post_tag","embeddable":true,"href":"https:\/\/www.radiopresidenteibanez.cl\/web\/wp-json\/wp\/v2\/tags?post=54901"}],"curies":[{"name":"wp","href":"https:\/\/api.w.org\/{rel}","templated":true}]}}