{"id":5490,"date":"2019-07-02T15:19:45","date_gmt":"2019-07-02T15:19:45","guid":{"rendered":"http:\/\/www.radiopresidenteibanez.cl\/web\/?p=5490"},"modified":"2019-07-02T15:20:36","modified_gmt":"2019-07-02T15:20:36","slug":"es-importante-escuchar-a-nuestros-adultos-mayores-y-tomar-conciencia-del-respeto-y-cuidado","status":"publish","type":"post","link":"https:\/\/www.radiopresidenteibanez.cl\/web\/es-importante-escuchar-a-nuestros-adultos-mayores-y-tomar-conciencia-del-respeto-y-cuidado\/","title":{"rendered":"ES IMPORTANTE ESCUCHAR A NUESTROS ADULTOS MAYORES Y TOMAR CONCIENCIA DEL RESPETO Y CUIDADO"},"content":{"rendered":"\n<p>En el marco del d\u00eda mundial de\nToma de Conciencia del Abuso y Maltrato a la Vejez, el Servicio Nacional del\nAdulto Mayor en conjunto con la Gobernaci\u00f3n de \u00daltima Esperanza y la Ilustre\nMunicipalidad de Natales, realizaron una mateada intergeneracional en el liceo\npolit\u00e9cnico \u201cLuis Cruz Mart\u00ednez\u201d para vincular a los j\u00f3venes con los adultos\nmayores. <\/p>\n\n\n\n<p>La actividad buscaba fomentar el\nbuen trato hacia los adultos mayores de la comuna, transmitiendo historias y\nexperiencias que estos les puedan entregar a los j\u00f3venes escolares.<\/p>\n\n\n\n<p>El Alcalde de la comuna, Fernando\nParedes Mansilla, se\u00f1al\u00f3 que es muy importante escuchar a los adultos mayores\npara generar conciencia de respeto y cuidado hacia ellos. \u201cEstos son los\nprimeros pasos de muchos pasos que vamos a dar en el futuro, pero este es un\ntrabajo planificado en el tiempo y que nuestros adultos mayores tienen que\nentender y sentir que ellos son el centro de nuestro foco de atenci\u00f3n y de\ntrabajo\u201d. El edil recalc\u00f3 que en nuestra comuna&nbsp;\nprevalece el segmento de adultos mayores y sigue en aumento. \u201cEste\ntrabajo tiene mucho sentido cuando uno empieza a planificar a corto, mediano y\nlargo plazo el apoyo a nuestros adultos mayores\u201d. <\/p>\n\n\n\n<p>Por su parte, la gobernadora de\nla provincia de \u00daltima Esperanza, Ana Mayorga Bahamonde destac\u00f3 que esta\nactividad busca compartir a trav\u00e9s de un mate el encuentro intergeneracional.\n\u201cAqu\u00ed estamos compartiendo experiencias, vivencias y conoci\u00e9ndonos pero tambi\u00e9n\npotenciando fuertemente el buen trato a todos nuestros adultos mayores en la\nprovincia de \u00daltima Esperanza\u201d, indic\u00f3. <\/p>\n\n\n\n<p>La presidenta de la uni\u00f3n comunal\ndel adulto mayor, Gaby de Freitas, subray\u00f3 lo positivo de tener estas\ninstancias. \u201cEs bueno para que los j\u00f3venes escuchen las experiencias nuestras,\nporque ellos reci\u00e9n est\u00e1n empezando su juventud\u201d, recalcando que esto es una\nlinda finalizaci\u00f3n del mes del \u201cNo Maltrato al Adulto Mayor\u201d. <\/p>\n\n\n\n<p>Esta actividad, se suma a todas\nlas dem\u00e1s acciones de trabajo que realiza el municipio junto al gobierno, tales\ncomo el programa \u201cV\u00ednculos\u201d, la incorporaci\u00f3n de adultos mayores en el programa\n\u201cServicio Nacional de Apoyos y Cuidados\u201d, la asistencia social prioritaria y la\nOficina del Adulto Mayor que se vincula diariamente, recogiendo y resolviendo\nlas inquietudes y necesidades de los adultos mayores de la comuna.&nbsp; <\/p>\n","protected":false},"excerpt":{"rendered":"<p>En el marco del d\u00eda mundial de Toma de Conciencia del Abuso y Maltrato a la Vejez, el Servicio Nacional del Adulto Mayor en conjunto con la Gobernaci\u00f3n de \u00daltima&#8230; <a class=\"read-more\" href=\"https:\/\/www.radiopresidenteibanez.cl\/web\/es-importante-escuchar-a-nuestros-adultos-mayores-y-tomar-conciencia-del-respeto-y-cuidado\/\">Leer m\u00e1s<\/a><\/p>\n","protected":false},"author":2,"featured_media":5491,"comment_status":"closed","ping_status":"closed","sticky":false,"template":"","format":"standard","meta":{"footnotes":""},"categories":[1],"tags":[],"class_list":["post-5490","post","type-post","status-publish","format-standard","has-post-thumbnail","hentry","category-cronica"],"_links":{"self":[{"href":"https:\/\/www.radiopresidenteibanez.cl\/web\/wp-json\/wp\/v2\/posts\/5490","targetHints":{"allow":["GET"]}}],"collection":[{"href":"https:\/\/www.radiopresidenteibanez.cl\/web\/wp-json\/wp\/v2\/posts"}],"about":[{"href":"https:\/\/www.radiopresidenteibanez.cl\/web\/wp-json\/wp\/v2\/types\/post"}],"author":[{"embeddable":true,"href":"https:\/\/www.radiopresidenteibanez.cl\/web\/wp-json\/wp\/v2\/users\/2"}],"replies":[{"embeddable":true,"href":"https:\/\/www.radiopresidenteibanez.cl\/web\/wp-json\/wp\/v2\/comments?post=5490"}],"version-history":[{"count":0,"href":"https:\/\/www.radiopresidenteibanez.cl\/web\/wp-json\/wp\/v2\/posts\/5490\/revisions"}],"wp:featuredmedia":[{"embeddable":true,"href":"https:\/\/www.radiopresidenteibanez.cl\/web\/wp-json\/wp\/v2\/media\/5491"}],"wp:attachment":[{"href":"https:\/\/www.radiopresidenteibanez.cl\/web\/wp-json\/wp\/v2\/media?parent=5490"}],"wp:term":[{"taxonomy":"category","embeddable":true,"href":"https:\/\/www.radiopresidenteibanez.cl\/web\/wp-json\/wp\/v2\/categories?post=5490"},{"taxonomy":"post_tag","embeddable":true,"href":"https:\/\/www.radiopresidenteibanez.cl\/web\/wp-json\/wp\/v2\/tags?post=5490"}],"curies":[{"name":"wp","href":"https:\/\/api.w.org\/{rel}","templated":true}]}}